{"id":3145,"date":"2020-07-20T00:00:00","date_gmt":"2020-07-19T22:00:00","guid":{"rendered":"http:\/\/nueva.eimediacion.edu.es\/blog\/la-camara-de-espana-presenta-el-centro-espanol-de-mediacion\/"},"modified":"2021-07-28T13:24:20","modified_gmt":"2021-07-28T11:24:20","slug":"la-camara-de-espana-presenta-el-centro-espanol-de-mediacion","status":"publish","type":"post","link":"https:\/\/eimediacion.edu.es\/eng\/ser-mediador\/noticias-de-mediacion\/la-camara-de-espana-presenta-el-centro-espanol-de-mediacion\/","title":{"rendered":"The Chamber of Spain presents the Spanish Mediation Center"},"content":{"rendered":"<p><\/p>\n\n\n<\/p>\n<figure><img loading=\"lazy\" decoding=\"async\" src=\"https:\/\/eimediacion.edu.es\/wp-content\/uploads\/NOTICIA-21-07-20-LINK-FB-TWT.jpg\" alt=\"\" width=\"747\" height=\"458\" title=\"\"><\/figure>\n<p>\n\n\n<p><\/p>\n\n\n<\/p>\n<h4 class=\"wp-block-heading\">In recent months, news about the implementation and growth of Mediation has been present in the media and networks. As a most recent note to this stage of growth, the Chamber of Commerce joins in with a firm commitment to this method.<\/h4>\n\u00a0\n<p>\n\n\n<p><\/p>\n\n\n<\/p>\n<p>The CEM is an institution that was born from the Spanish Chamber of Commerce with the aim of becoming a benchmark for business mediation in Spain.<\/p>\n<p>\u00a0<\/p>\n<p>\u00a0<\/p>\n<p>\n\n\n<p><\/p>\n\n\n<\/p>\n<p>The Spanish Chamber of Commerce presented on July 16 the\u00a0<strong>Spanish Mediation Center (CEM)<\/strong> which was born with the objective of being a benchmark in business mediation in our country, in a context in which the business community will need a quick and effective way to resolve conflicts more than ever. The Minister of Justice, Juan Carlos Campo, participated in the event; the president of the Spanish Chamber of Commerce, Jos\u00e9 Luis Bonet; the president of the Spanish Mediation Center; the secretary general of the Chamber of Spain, Adolfo D\u00edaz-Ambrona, Rafael Catal\u00e1, and the president of Grupo Planeta and Grupo Atresmedia, Jos\u00e9 Creuheras.<\/p>\n<p>\u00a0<\/p>\n<p>\u00a0<\/p>\n<p>\n\n\n<p><\/p>\n\n\n<\/p>\n<p>CEM is presented as an effective alternative to the courts of law and arises in a context in which companies will need a quick and effective way to resolve conflicts more than ever.<\/p>\n<p>\u00a0<\/p>\n<p>\u00a0<\/p>\n<p>\n\n\n<p><\/p>\n\n\n<\/p>\n<p> \u00a0Mediation is a profession of present and future that encourages dialogue between people. A profession that has business and institutional support and will possibly bring together thousands of potential users.<\/p>\n<p>\u00a0<\/p>\n<p>\u00a0<\/p>\n<p>\n\n\n<p><\/p>\n\n\n<\/p>\n<p> \u00a0Train and work in Mediation. Ask us without obligation.<\/p>\n<p>\u00a0<\/p>\n<p>\u00a0<\/p>\n<p>\n\n\n<p><\/p>\n\n\n<\/p>\n<p><a href=\"https:\/\/eimediacion.edu.es\/eng\/\">https:\/\/eimediacion.edu.es\/<\/a><\/p>\n<p>\u00a0<\/p>\n<p>\n\n\n<p><\/p>\n\n\n<\/p>\n<p><a href=\"https:\/\/www.facebook.com\/hashtag\/mediaci%C3%B3n?__eep__=6&amp;source=feed_text&amp;epa=HASHTAG&amp;__xts__%5B0%5D=68.ARDmfg2C_7sDEK5CE8zOZmQXFkz-a6iYWUUfpbdr-eJkaxd2vQcQvacad0Jfxs5JTyk0amLE4BQ6bpM_liuHVU_fue8_GNN7c7vHAbP3uCh0pBnlLltVwKEIQb-_e4384byqlHVZq2dNc6ouUws05i0Tscmj7TYuiRFu3tio6RycINfK3-Av1UIzZC_fpJ5zpYh8NyyLf90kzLRm5j4q4Ob14c3tUxVI0GUSwS1jks6TMr1kamurBzenoFyM9_x6YVrDEe33lcVbDupOL4C2VzEXtLbkHDbJmskrSVNMt_NGHnn-Md4H7YO3sr92_NVEW1r3MBTzMbwadcc8jr-HZJJo86RE&amp;__tn__=%2ANK-R\" rel=\"nofollow noopener\" target=\"_blank\">#mediation<\/a>\u00a0<a href=\"https:\/\/www.facebook.com\/hashtag\/formaci%C3%B3n?__eep__=6&amp;source=feed_text&amp;epa=HASHTAG&amp;__xts__%5B0%5D=68.ARDmfg2C_7sDEK5CE8zOZmQXFkz-a6iYWUUfpbdr-eJkaxd2vQcQvacad0Jfxs5JTyk0amLE4BQ6bpM_liuHVU_fue8_GNN7c7vHAbP3uCh0pBnlLltVwKEIQb-_e4384byqlHVZq2dNc6ouUws05i0Tscmj7TYuiRFu3tio6RycINfK3-Av1UIzZC_fpJ5zpYh8NyyLf90kzLRm5j4q4Ob14c3tUxVI0GUSwS1jks6TMr1kamurBzenoFyM9_x6YVrDEe33lcVbDupOL4C2VzEXtLbkHDbJmskrSVNMt_NGHnn-Md4H7YO3sr92_NVEW1r3MBTzMbwadcc8jr-HZJJo86RE&amp;__tn__=%2ANK-R\" rel=\"nofollow noopener\" target=\"_blank\">#training<\/a>\u00a0<a href=\"https:\/\/www.facebook.com\/hashtag\/trabaja?__eep__=6&amp;source=feed_text&amp;epa=HASHTAG&amp;__xts__%5B0%5D=68.ARDmfg2C_7sDEK5CE8zOZmQXFkz-a6iYWUUfpbdr-eJkaxd2vQcQvacad0Jfxs5JTyk0amLE4BQ6bpM_liuHVU_fue8_GNN7c7vHAbP3uCh0pBnlLltVwKEIQb-_e4384byqlHVZq2dNc6ouUws05i0Tscmj7TYuiRFu3tio6RycINfK3-Av1UIzZC_fpJ5zpYh8NyyLf90kzLRm5j4q4Ob14c3tUxVI0GUSwS1jks6TMr1kamurBzenoFyM9_x6YVrDEe33lcVbDupOL4C2VzEXtLbkHDbJmskrSVNMt_NGHnn-Md4H7YO3sr92_NVEW1r3MBTzMbwadcc8jr-HZJJo86RE&amp;__tn__=%2ANK-R\" rel=\"nofollow noopener\" target=\"_blank\">#works<\/a>\u00a0<a href=\"https:\/\/www.facebook.com\/hashtag\/trabajo?__eep__=6&amp;source=feed_text&amp;epa=HASHTAG&amp;__xts__%5B0%5D=68.ARDmfg2C_7sDEK5CE8zOZmQXFkz-a6iYWUUfpbdr-eJkaxd2vQcQvacad0Jfxs5JTyk0amLE4BQ6bpM_liuHVU_fue8_GNN7c7vHAbP3uCh0pBnlLltVwKEIQb-_e4384byqlHVZq2dNc6ouUws05i0Tscmj7TYuiRFu3tio6RycINfK3-Av1UIzZC_fpJ5zpYh8NyyLf90kzLRm5j4q4Ob14c3tUxVI0GUSwS1jks6TMr1kamurBzenoFyM9_x6YVrDEe33lcVbDupOL4C2VzEXtLbkHDbJmskrSVNMt_NGHnn-Md4H7YO3sr92_NVEW1r3MBTzMbwadcc8jr-HZJJo86RE&amp;__tn__=%2ANK-R\" rel=\"nofollow noopener\" target=\"_blank\">#work<\/a>\u00a0<a href=\"https:\/\/www.facebook.com\/hashtag\/mediacioncovid19?__eep__=6&amp;source=feed_text&amp;epa=HASHTAG&amp;__xts__%5B0%5D=68.ARDmfg2C_7sDEK5CE8zOZmQXFkz-a6iYWUUfpbdr-eJkaxd2vQcQvacad0Jfxs5JTyk0amLE4BQ6bpM_liuHVU_fue8_GNN7c7vHAbP3uCh0pBnlLltVwKEIQb-_e4384byqlHVZq2dNc6ouUws05i0Tscmj7TYuiRFu3tio6RycINfK3-Av1UIzZC_fpJ5zpYh8NyyLf90kzLRm5j4q4Ob14c3tUxVI0GUSwS1jks6TMr1kamurBzenoFyM9_x6YVrDEe33lcVbDupOL4C2VzEXtLbkHDbJmskrSVNMt_NGHnn-Md4H7YO3sr92_NVEW1r3MBTzMbwadcc8jr-HZJJo86RE&amp;__tn__=%2ANK-R\" rel=\"nofollow noopener\" target=\"_blank\">#mediationcamera<\/a>\u00a0<a href=\"https:\/\/www.facebook.com\/hashtag\/trabajaenmediacion?__eep__=6&amp;source=feed_text&amp;epa=HASHTAG&amp;__xts__%5B0%5D=68.ARDmfg2C_7sDEK5CE8zOZmQXFkz-a6iYWUUfpbdr-eJkaxd2vQcQvacad0Jfxs5JTyk0amLE4BQ6bpM_liuHVU_fue8_GNN7c7vHAbP3uCh0pBnlLltVwKEIQb-_e4384byqlHVZq2dNc6ouUws05i0Tscmj7TYuiRFu3tio6RycINfK3-Av1UIzZC_fpJ5zpYh8NyyLf90kzLRm5j4q4Ob14c3tUxVI0GUSwS1jks6TMr1kamurBzenoFyM9_x6YVrDEe33lcVbDupOL4C2VzEXtLbkHDbJmskrSVNMt_NGHnn-Md4H7YO3sr92_NVEW1r3MBTzMbwadcc8jr-HZJJo86RE&amp;__tn__=%2ANK-R\" rel=\"nofollow noopener\" target=\"_blank\">#worksinmediation<\/a>\u00a0<a href=\"https:\/\/www.facebook.com\/hashtag\/escuelademediacion?__eep__=6&amp;source=feed_text&amp;epa=HASHTAG&amp;__xts__%5B0%5D=68.ARDmfg2C_7sDEK5CE8zOZmQXFkz-a6iYWUUfpbdr-eJkaxd2vQcQvacad0Jfxs5JTyk0amLE4BQ6bpM_liuHVU_fue8_GNN7c7vHAbP3uCh0pBnlLltVwKEIQb-_e4384byqlHVZq2dNc6ouUws05i0Tscmj7TYuiRFu3tio6RycINfK3-Av1UIzZC_fpJ5zpYh8NyyLf90kzLRm5j4q4Ob14c3tUxVI0GUSwS1jks6TMr1kamurBzenoFyM9_x6YVrDEe33lcVbDupOL4C2VzEXtLbkHDbJmskrSVNMt_NGHnn-Md4H7YO3sr92_NVEW1r3MBTzMbwadcc8jr-HZJJo86RE&amp;__tn__=%2ANK-R\" rel=\"nofollow noopener\" target=\"_blank\">#escuelademediacion<\/a>\u00a0<a href=\"https:\/\/www.facebook.com\/hashtag\/eim?__eep__=6&amp;source=feed_text&amp;epa=HASHTAG&amp;__xts__%5B0%5D=68.ARDmfg2C_7sDEK5CE8zOZmQXFkz-a6iYWUUfpbdr-eJkaxd2vQcQvacad0Jfxs5JTyk0amLE4BQ6bpM_liuHVU_fue8_GNN7c7vHAbP3uCh0pBnlLltVwKEIQb-_e4384byqlHVZq2dNc6ouUws05i0Tscmj7TYuiRFu3tio6RycINfK3-Av1UIzZC_fpJ5zpYh8NyyLf90kzLRm5j4q4Ob14c3tUxVI0GUSwS1jks6TMr1kamurBzenoFyM9_x6YVrDEe33lcVbDupOL4C2VzEXtLbkHDbJmskrSVNMt_NGHnn-Md4H7YO3sr92_NVEW1r3MBTzMbwadcc8jr-HZJJo86RE&amp;__tn__=%2ANK-R\" rel=\"nofollow noopener\" target=\"_blank\">#eim<\/a><\/p>\n<p>\n\n\n<p><\/p>","protected":false},"excerpt":{"rendered":"<p>In recent months, news about the implementation and growth of Mediation has been present in the media and networks. As a most recent note to this stage of growth, the Chamber of Commerce joins in with a firm commitment to this method.  CEM is\u2026 <a title=\"The Chamber of Spain presents the Spanish Mediation Center\" class=\"read-more\" href=\"https:\/\/eimediacion.edu.es\/eng\/ser-mediador\/noticias-de-mediacion\/la-camara-de-espana-presenta-el-centro-espanol-de-mediacion\/\" aria-label=\"Read more about The Spanish Chamber presents the Spanish Mediation Center\">Read more<\/a><\/p>","protected":false},"author":6,"featured_media":3146,"comment_status":"closed","ping_status":"closed","sticky":false,"template":"","format":"standard","meta":{"inline_featured_image":false,"footnotes":""},"categories":[27],"tags":[],"class_list":["post-3145","post","type-post","status-publish","format-standard","has-post-thumbnail","hentry","category-noticias-de-mediacion"],"_links":{"self":[{"href":"https:\/\/eimediacion.edu.es\/eng\/wp-json\/wp\/v2\/posts\/3145","targetHints":{"allow":["GET"]}}],"collection":[{"href":"https:\/\/eimediacion.edu.es\/eng\/wp-json\/wp\/v2\/posts"}],"about":[{"href":"https:\/\/eimediacion.edu.es\/eng\/wp-json\/wp\/v2\/types\/post"}],"author":[{"embeddable":true,"href":"https:\/\/eimediacion.edu.es\/eng\/wp-json\/wp\/v2\/users\/6"}],"replies":[{"embeddable":true,"href":"https:\/\/eimediacion.edu.es\/eng\/wp-json\/wp\/v2\/comments?post=3145"}],"version-history":[{"count":0,"href":"https:\/\/eimediacion.edu.es\/eng\/wp-json\/wp\/v2\/posts\/3145\/revisions"}],"wp:featuredmedia":[{"embeddable":true,"href":"https:\/\/eimediacion.edu.es\/eng\/wp-json\/wp\/v2\/media\/3146"}],"wp:attachment":[{"href":"https:\/\/eimediacion.edu.es\/eng\/wp-json\/wp\/v2\/media?parent=3145"}],"wp:term":[{"taxonomy":"category","embeddable":true,"href":"https:\/\/eimediacion.edu.es\/eng\/wp-json\/wp\/v2\/categories?post=3145"},{"taxonomy":"post_tag","embeddable":true,"href":"https:\/\/eimediacion.edu.es\/eng\/wp-json\/wp\/v2\/tags?post=3145"}],"curies":[{"name":"wp","href":"https:\/\/api.w.org\/{rel}","templated":true}]}}