{"id":8628,"date":"2021-04-06T00:00:00","date_gmt":"2021-04-05T22:00:00","guid":{"rendered":"https:\/\/eimediacion.edu.es\/ser-mediador\/noticias-escuela-mediacion\/https-eimediacion-edu-es-ser-mediador-mediacion-intercultural-profesion-historica\/"},"modified":"2021-08-03T10:31:21","modified_gmt":"2021-08-03T08:31:21","slug":"mediacion-intercultural-una-profesion-historica","status":"publish","type":"post","link":"https:\/\/eimediacion.edu.es\/cat\/ser-mediador\/noticias-de-mediacion\/mediacion-intercultural-una-profesion-historica\/","title":{"rendered":"La mediaci\u00f3 intercultural, una professi\u00f3 antiga"},"content":{"rendered":"<p>Avui t&#039;explicar\u00e9 un secret per als que realment no saben quina \u00e9s la nostra missi\u00f3 professional, per\u00f2 que no ho \u00e9s tant per als que ens dediquem a la <a href=\"https:\/\/eimediacion.edu.es\/cat\/especialidad-en-mediacion-intercultural-de-eim\/\">mediaci\u00f3 intercultural<\/a>, i aquest secret no \u00e9s altre que aquest: <strong>la nostra professi\u00f3 no \u00e9s una cosa nova<\/strong>.<\/p>\n\n\n\n<p>Realment la figura del mediador intercultural no \u00e9s tan recent, i no \u00e9s una cosa que tingui a veure nom\u00e9s amb els <strong>fluxos migratoris i la gesti\u00f3 de la diversitat<\/strong>.&nbsp;<\/p>\n\n\n\n<p>Aquesta professi\u00f3 ja es desenvolupava des de l&#039;edat mitjana per persones que per ofici s&#039;encarregava de mediar per alliberar esclaus i presoners de guerra.<\/p>\n\n\n\n<h2 class=\"wp-block-heading\"><strong>Mediadors interculturals<\/strong><\/h2>\n\n\n\n<p>Aquests professionals apareixen en territoris fronterers on cal establir l\u00ednies de comunicaci\u00f3 amb altres comunitats i on l\u00f2gicament eren necess\u00e0ries persones amb determinades qualitats, com ara <strong>dots de negociaci\u00f3<\/strong>, especialistes en el <strong>context de la frontera <\/strong>i coneixement sobre la seua problem\u00e0tica.&nbsp;<\/p>\n\n\n\n<p>Al principi aquestes qualitats eren desenvolupades per comerciants que treballaven en aquests llocs i que ja tenien aquestes caracter\u00edstiques, per\u00f2 posteriorment alguns es van especialitzar en la negociaci\u00f3 de la llibertat dels presoners.<\/p>\n\n\n\n<p>Aquests experts donaven resposta a una certa realitat que era la bel\u00b7liger\u00e0ncia d&#039;un temps en qu\u00e8 molts soldats es van veure embolicats i on la realitat del captiveri era molt habitual.<\/p>\n\n\n\n<p>Per tot aix\u00f2, la <strong>figura del mediador <\/strong>era tan freq\u00fcent que als diferents regnes i territoris d&#039;Espanya hi havia termes per anomenar la persona que s&#039;encarregava d&#039;aquestes feines.&nbsp;<\/p>\n\n\n\n<p>Aix\u00ed, per exemple, ens han quedat tres paraules:<\/p>\n\n\n\n<h3 class=\"wp-block-heading\">Alfaquec<\/h3>\n\n\n\n<p>Per exemple, al regne de Castella s&#039;utilitzava la paraula<em> <\/em><strong><em>Alfaquec<\/em><\/strong>, que prov\u00e9 de l&#039;\u00e0rab andalus\u00ed \u201calfakk\u00e1k\u201d i que t\u00e9 dues accepcions:<\/p>\n\n\n\n<ol class=\"wp-block-list\"><li>Antigament, <strong>comissionat oficial<\/strong> per redimir captius o alliberar esclaus o presoners de guerra.&nbsp;<\/li><li><strong>Home que servia de correu<\/strong>.<\/li><\/ol>\n\n\n\n<h3 class=\"wp-block-heading\">Exea<\/h3>\n\n\n\n<p>Al regne d&#039;Arag\u00f3 s&#039;utilitzava un altre terme per a la mateixa figura: <strong><em>Exea<\/em><\/strong> que prov\u00e9 tamb\u00e9 de l&#039;\u00e0rab andalus\u00ed \u201ci\u0161\u0161\u00ed&#039;a\u201d, que probablement tingu\u00e9s a veure amb un altre ofici que feien aquestes persones com \u00e9s el de guia o explorador.<\/p>\n\n\n\n<h3 class=\"wp-block-heading\">Mostolafs<\/h3>\n\n\n\n<p>I tamb\u00e9 en catal\u00e0 per exemple trobem la paraula <strong><em>mostolafs<\/em><\/strong><em>, <\/em>figura que a aquest territori s&#039;articulava de manera una mica diferent i on podia ser desenvolupada per persones o fam\u00edlies concretes, sota el pagament d&#039;un impost.<\/p>\n\n\n\n<p>Recordem que moltes persones corrents van recobrar un b\u00e9 tan preuat com la llibertat, gr\u00e0cies al bon fer d&#039;aquests professionals, sin\u00f3 tamb\u00e9 personatges il\u00b7lustres de la nostra hist\u00f2ria que no haurien pogut transcendir, sin\u00f3 que hagu\u00e9s existit la bona tasca d&#039;aquesta figura.<\/p>\n\n\n\n<p>Aquest \u00e9s el cas per exemple de <strong>Miguel de Cervantes Saavedra<\/strong> que va patir captiveri en galeres i despr\u00e9s a Alg\u00e8ria, i l&#039;alliberament del qual est\u00e0 \u00edntimament lligada a l&#039;ofici del mediador o alfaquec i tamb\u00e9 a una ordre religiosa la g\u00e8nesi de la qual est\u00e0 en la negociaci\u00f3.<\/p>\n\n\n\n<p>Aquesta ordre religiosa \u00e9s la de la Sant\u00edssima Trinitat i dels Captius, coneguda comunament per la de <strong>els trinitaris<\/strong> que es dedicaven a l&#039;alliberament de presos de manera no violenta, \u00e9s a dir, exercint aquest ofici de l&#039;alfacac i negociant la llibertat dels captius.<\/p>\n\n\n\n<div class=\"wp-block-image\"><figure class=\"aligncenter size-large is-resized\"><a href=\"https:\/\/eimediacion.edu.es\/wp-content\/uploads\/2021\/04\/la-mediacio\u0301n-intercultural-una-profesio\u0301n-antigua-1.jpg\"><img loading=\"lazy\" decoding=\"async\" src=\"https:\/\/eimediacion.edu.es\/wp-content\/uploads\/2021\/04\/la-mediacio\u0301n-intercultural-una-profesio\u0301n-antigua-1-1024x682.jpg\" alt=\"\" class=\"wp-image-23589\" width=\"512\" height=\"341\" title=\"\"><\/a><\/figure><\/div>\n\n\n\n<p>Com veus a l&#039;edat mitjana espanyola i despr\u00e9s en ple segle XV, XVI, i fins i tot principis de XVII, una realitat que era atesa per professionals alfaquecs o ara mediadors interculturals, que buscaven el millor acord entre les parts.<\/p>\n\n\n\n<p>Per tant, els mediadors interculturals no som m\u00e9s que els hereus d&#039;una situaci\u00f3 que torna, on els <strong>territoris fronterers<\/strong> estan ara <strong>als nostres pa\u00efsos, a les nostres ciutats i als nostres barris<\/strong>.<\/p>\n\n\n\n<p>Ens toca tornar a donar resposta a aquesta realitat de frontera on, lluny d&#039;haver de negociar la llibertat de les persones, hem de minimitzar un factor que ens ha portat la globalitzaci\u00f3, com \u00e9s l&#039;impacte natural que genera contacte habitual amb persones d&#039;altres cultures , amb altres valors, i amb altres experi\u00e8ncies.<\/p>","protected":false},"excerpt":{"rendered":"<p>La mediaci\u00f3 intercultural \u00e9s una professi\u00f3 hist\u00f2rica, \u00e9s a dir, des de l&#039;edat mitjana ja existien persones que s&#039;encarregaven de mediar per alliberar esclaus i presoners de guerra. Coneix aqu\u00ed totes les peculiaritats d&#039;aquesta professi\u00f3 excel\u00b7lent.<\/p>","protected":false},"author":33,"featured_media":9487,"comment_status":"open","ping_status":"open","sticky":false,"template":"","format":"standard","meta":{"inline_featured_image":false,"footnotes":""},"categories":[27],"tags":[],"class_list":["post-8628","post","type-post","status-publish","format-standard","has-post-thumbnail","hentry","category-noticias-de-mediacion"],"_links":{"self":[{"href":"https:\/\/eimediacion.edu.es\/cat\/wp-json\/wp\/v2\/posts\/8628","targetHints":{"allow":["GET"]}}],"collection":[{"href":"https:\/\/eimediacion.edu.es\/cat\/wp-json\/wp\/v2\/posts"}],"about":[{"href":"https:\/\/eimediacion.edu.es\/cat\/wp-json\/wp\/v2\/types\/post"}],"author":[{"embeddable":true,"href":"https:\/\/eimediacion.edu.es\/cat\/wp-json\/wp\/v2\/users\/33"}],"replies":[{"embeddable":true,"href":"https:\/\/eimediacion.edu.es\/cat\/wp-json\/wp\/v2\/comments?post=8628"}],"version-history":[{"count":0,"href":"https:\/\/eimediacion.edu.es\/cat\/wp-json\/wp\/v2\/posts\/8628\/revisions"}],"wp:featuredmedia":[{"embeddable":true,"href":"https:\/\/eimediacion.edu.es\/cat\/wp-json\/wp\/v2\/media\/9487"}],"wp:attachment":[{"href":"https:\/\/eimediacion.edu.es\/cat\/wp-json\/wp\/v2\/media?parent=8628"}],"wp:term":[{"taxonomy":"category","embeddable":true,"href":"https:\/\/eimediacion.edu.es\/cat\/wp-json\/wp\/v2\/categories?post=8628"},{"taxonomy":"post_tag","embeddable":true,"href":"https:\/\/eimediacion.edu.es\/cat\/wp-json\/wp\/v2\/tags?post=8628"}],"curies":[{"name":"wp","href":"https:\/\/api.w.org\/{rel}","templated":true}]}}