{"id":8615,"date":"2021-03-12T00:00:00","date_gmt":"2021-03-11T23:00:00","guid":{"rendered":"https:\/\/eimediacion.edu.es\/ser-mediador\/noticias-escuela-mediacion\/https-eimediacion-edu-es-ser-mediador-mediacion-intercultural-2\/"},"modified":"2021-07-14T12:38:30","modified_gmt":"2021-07-14T10:38:30","slug":"las-tres-claves-de-la-mediacion-intercultural","status":"publish","type":"post","link":"https:\/\/eimediacion.edu.es\/cat\/ser-mediador\/eventos-eim\/capsulas-formativas\/las-tres-claves-de-la-mediacion-intercultural\/","title":{"rendered":"C\u00e0psula formativa: Les tres claus de la mediaci\u00f3 intercultural"},"content":{"rendered":"<p>A EIM sempre apostem per la formaci\u00f3 i en aquest cas ho fem en forma de<strong>&nbsp;c\u00e0psula formativa<\/strong>. Una eina informativa la funci\u00f3 principal de la qual \u00e9s difondre informaci\u00f3 actual.<\/p>\n\n\n\n<p>En aquest cas abordarem<strong>&nbsp;les tres claus de la mediaci\u00f3 intercultural<\/strong>, tema principal sobre el qual desenvolupar\u00e0 com gestionar la diversitat i els desencontres naturals propis seran la clau de la societat multicultural del futur que tenim ja al voltant. Descobrirem eines \u00abinvisibles\u00bb que poden ser la clau per ajudar a cercar una soluci\u00f3 comuna.<\/p>\n\n\n\n<p>Estar\u00e0 impartit per<strong>&nbsp; Jos\u00e9 Carlos Cabrera<\/strong>, consultor de pol\u00edtiques migrat\u00f2ries i inf\u00e0ncia i Docent de Mediaci\u00f3 Intercultural a l&#039;Escola.<\/p>\n\n\n\n<figure class=\"wp-block-image size-large\"><a href=\"https:\/\/eimediacion.edu.es\/wp-content\/uploads\/2021\/05\/facebook.-twitter-linkedin-webinar-27-1.jpg\"><img decoding=\"async\" src=\"https:\/\/eimediacion.edu.es\/wp-content\/uploads\/2021\/05\/facebook.-twitter-linkedin-webinar-27-1.jpg\" alt=\"\" class=\"wp-image-23169\" title=\"\"><\/a><\/figure>\n\n\n\n<p>Si no hi vas poder assistir, et deixem aqu\u00ed el v\u00eddeo. <\/p>\n\n\n\n<figure class=\"wp-block-embed is-type-video is-provider-youtube wp-block-embed-youtube wp-embed-aspect-16-9 wp-has-aspect-ratio\"><div class=\"wp-block-embed__wrapper\">\n<iframe loading=\"lazy\" title=\"C\u00e0psula de Mediaci\u00f3! Les tres claus de la mediaci\u00f3 intercultural\" width=\"1200\" height=\"675\" src=\"https:\/\/www.youtube.com\/embed\/I4gcqJOqIg8?feature=oembed\" frameborder=\"0\" allow=\"accelerometer; autoplay; clipboard-write; encrypted-media; gyroscope; picture-in-picture\" allowfullscreen><\/iframe>\n<\/div><figcaption>Esperem que t&#039;agradi!<\/figcaption><\/figure>","protected":false},"excerpt":{"rendered":"<p>C\u00e0psula formativa \u00abLes tres claus de la mediaci\u00f3 intercultural\u00bb. Impartida per Jos\u00e9 Carlos Cabrera, Docent a EIM. T&#039;esperem!<\/p>","protected":false},"author":6,"featured_media":8617,"comment_status":"closed","ping_status":"closed","sticky":false,"template":"","format":"standard","meta":{"inline_featured_image":false,"footnotes":""},"categories":[139],"tags":[],"class_list":["post-8615","post","type-post","status-publish","format-standard","has-post-thumbnail","hentry","category-capsulas-formativas"],"_links":{"self":[{"href":"https:\/\/eimediacion.edu.es\/cat\/wp-json\/wp\/v2\/posts\/8615","targetHints":{"allow":["GET"]}}],"collection":[{"href":"https:\/\/eimediacion.edu.es\/cat\/wp-json\/wp\/v2\/posts"}],"about":[{"href":"https:\/\/eimediacion.edu.es\/cat\/wp-json\/wp\/v2\/types\/post"}],"author":[{"embeddable":true,"href":"https:\/\/eimediacion.edu.es\/cat\/wp-json\/wp\/v2\/users\/6"}],"replies":[{"embeddable":true,"href":"https:\/\/eimediacion.edu.es\/cat\/wp-json\/wp\/v2\/comments?post=8615"}],"version-history":[{"count":0,"href":"https:\/\/eimediacion.edu.es\/cat\/wp-json\/wp\/v2\/posts\/8615\/revisions"}],"wp:featuredmedia":[{"embeddable":true,"href":"https:\/\/eimediacion.edu.es\/cat\/wp-json\/wp\/v2\/media\/8617"}],"wp:attachment":[{"href":"https:\/\/eimediacion.edu.es\/cat\/wp-json\/wp\/v2\/media?parent=8615"}],"wp:term":[{"taxonomy":"category","embeddable":true,"href":"https:\/\/eimediacion.edu.es\/cat\/wp-json\/wp\/v2\/categories?post=8615"},{"taxonomy":"post_tag","embeddable":true,"href":"https:\/\/eimediacion.edu.es\/cat\/wp-json\/wp\/v2\/tags?post=8615"}],"curies":[{"name":"wp","href":"https:\/\/api.w.org\/{rel}","templated":true}]}}