{"id":44029,"date":"2025-01-13T09:05:33","date_gmt":"2025-01-13T08:05:33","guid":{"rendered":"https:\/\/eimediacion.edu.es\/?p=44029"},"modified":"2025-01-13T09:05:47","modified_gmt":"2025-01-13T08:05:47","slug":"ley-medidas-de-eficiencia-del-servicio-publico-de-justicia","status":"publish","type":"post","link":"https:\/\/eimediacion.edu.es\/cat\/ser-mediador\/ley-medidas-de-eficiencia-del-servicio-publico-de-justicia\/","title":{"rendered":"Punts fonamentals de la Llei Org\u00e0nica 1\/2025, de 2 de gener, de Mesures en Mat\u00e8ria d&#039;Efici\u00e8ncia del Servei P\u00fablic de Just\u00edcia"},"content":{"rendered":"<p>Durant els darrers tres anys, us he anat explicant l&#039;evoluci\u00f3 del Projecte de llei de<br>Efici\u00e8ncia Processal, ja que la seva publicaci\u00f3 suposaria <strong>un pas de vital import\u00e0ncia en <a href=\"https:\/\/eimediacion.edu.es\/cat\/programas\/master-en-mediacion\/\">la nostra<br>professi\u00f3 com <\/a><a href=\"https:\/\/eimediacion.edu.es\/cat\/programas\/master-en-mediacion\/\" target=\"_blank\" rel=\"noreferrer noopener\">mediadors<\/a>.<\/strong><\/p>\n\n\n\n<h2 class=\"wp-block-heading\">Mediaci\u00f3 com a requisit previ a l&#039;inici d&#039;un proc\u00e9s judicial<\/h2>\n\n\n\n<p>Finalment, pel que fa a l&#039;\u00fas previ a acudir als tribunals, dels mitjans<br>adequats de soluci\u00f3 de controv\u00e8rsies en via no jurisdiccional com la mediaci\u00f3, per fi<br>tenim la seva materialitzaci\u00f3 en una llei.<\/p>\n\n\n\n<p><strong>El BOE de 3 de gener de 2025 va publicar la Llei Org\u00e0nica 1\/2025, de 2 de gener,<\/strong> <strong>de mesures a<br>mat\u00e8ria d&#039;efici\u00e8ncia del Servei P\u00fablic de Just\u00edcia<\/strong>, que ve a donar resposta a la necessitat<br>de superar el model tradicional de jutjat unipersonal existent que ja estava present a<br>el segle XIX, i que responia a les necessitats d&#039;una societat que, aleshores, podia<br>descriure&#039;s com a essencialment agr\u00e0ria, dispersa, poc comunicada i amb grans limitacions<br>de mobilitat que no t\u00e9 res a veure amb la societat espanyola d&#039;avui, a fi d&#039;adequar la<br>Administraci\u00f3 de Just\u00edcia a la situaci\u00f3 social actual mitjan\u00e7ant una organitzaci\u00f3 judicial que<br>operi de forma col\u00b7legiada.<\/p>\n\n\n\n<h2 class=\"wp-block-heading\">El t\u00edtol II de la Llei cont\u00e9 un gran bloc de reformes, entre les quals hi ha all\u00f2 relacionat amb la mediaci\u00f3.<\/h2>\n\n\n\n<p>En el cap\u00edtol I, s&#039;introdueixen al nostre ordenament jur\u00eddic, al costat de la pr\u00f2pia<br>jurisdicci\u00f3, altres <strong>mitjans adequats de soluci\u00f3 de controv\u00e8rsies en via no jurisdiccional<\/strong>,<br>com <strong>mesura imprescindible per consolidar un servei p\u00fablic de Just\u00edcia<br>sostenible.<\/strong><\/p>\n\n\n\n<p>Deixant clara la indiscutible import\u00e0ncia constitucional de l&#039;exercici de la potestat<br>jurisdiccional pels jutges i tribunals, amb la introducci\u00f3 d&#039;aquests mecanismes, ja<br>consolidats en el dret comparat, es compleix la m\u00e0xima de la Il\u00b7lustraci\u00f3 i del proc\u00e9s<br>codificador: que abans d&#039;entrar al temple de la Just\u00edcia, s&#039;ha de passar pel temple de la<br>conc\u00f2rdia. En efecte, <strong>es tracta de potenciar la negociaci\u00f3 entre les parts,<\/strong> directament o davant<br>un tercer neutral, partint de la base que aquests mitjans redueixen el conflicte social, eviten<br>la sobrec\u00e0rrega dels tribunals i poden ser igualment adequats per a la soluci\u00f3 de la<br>immensa majoria de les controv\u00e8rsies en mat\u00e8ria civil i mercantil.<\/p>\n\n\n\n<p><strong>El servei p\u00fablic de Just\u00edcia ha de ser capa\u00e7 d&#039;oferir a la ciutadania la via m\u00e9s adequada<br>per gestionar el vostre problema<\/strong>. En uns casos ser\u00e0 la via exclusivament judicial, per\u00f2 en molts<br>altres ser\u00e0 la <strong>via consensual<\/strong> la que ofereixi la millor opci\u00f3.<br>adequat de soluci\u00f3 de controv\u00e8rsies, <strong>aporta qualitat a la Just\u00edcia<\/strong> i reporta satisfacci\u00f3 als<br>ciutadans i ciutadanes. En aquest context prenen import\u00e0ncia les raons de les parts per<br>construir solucions dialogades en espais compartits.<\/p>\n\n\n\n<blockquote class=\"wp-block-quote is-layout-flow wp-block-quote-is-layout-flow\">\n<h4 class=\"wp-block-heading\">Amb aquesta Llei, es pret\u00e9n recuperar la capacitat negociadora de les parts, amb la introducci\u00f3 de mecanismes que trenquin la din\u00e0mica de la confrontaci\u00f3 i la crispaci\u00f3 que<br>envaeix en els nostres temps les relacions socials.<\/h4>\n<\/blockquote>\n\n\n\n<p>Les disposicions d&#039;aquest t\u00edtol s\u00f3n aplicables als assumptes civils i mercantils, inclosos<br>els conflictes transfronterers.<\/p>\n\n\n\n<p>Per a les mat\u00e8ries previstes a l&#039;article 5.2 de la Llei, s&#039;exigir\u00e0 com <strong>REQUISIT DE<br>PROCEDIBILITAT<\/strong>, perqu\u00e8 sigui admissible la demanda, acudir pr\u00e8viament a algun mitj\u00e0<br>adequat de soluci\u00f3 de controv\u00e8rsies dels previstos a l&#039;article 2 de la Llei.<\/p>\n\n\n\n<p>Encara que hi ha algunes excepcions previstes a la mateixa Llei, l&#039;entrada en vigor est\u00e0<br>prevista a la DF 38a, que recull que entrar\u00e0 en vigor als 3 mesos de la seva publicaci\u00f3, \u00e9s<br>dir, el 3 d&#039;abril de 2025, per la qual cosa aviat comen\u00e7arem amb la posada en marxa de<br>aquest sistema que acull la mediaci\u00f3 com un mitj\u00e0 b\u00e0sic per a la resoluci\u00f3 de<br>conflictes.<\/p>","protected":false},"excerpt":{"rendered":"<p>T&#039;informem sobre els punts fonamentals de la Llei Org\u00e0nica 1\/2025, de 2 de gener, de Mesures en Mat\u00e8ria d&#039;Efici\u00e8ncia del Servei P\u00fablic de Just\u00edcia<\/p>","protected":false},"author":23,"featured_media":44030,"comment_status":"closed","ping_status":"closed","sticky":false,"template":"","format":"standard","meta":{"inline_featured_image":false,"footnotes":""},"categories":[25,1],"tags":[],"class_list":["post-44029","post","type-post","status-publish","format-standard","has-post-thumbnail","hentry","category-ser-mediador","category-noticias-escuela-mediacion"],"_links":{"self":[{"href":"https:\/\/eimediacion.edu.es\/cat\/wp-json\/wp\/v2\/posts\/44029","targetHints":{"allow":["GET"]}}],"collection":[{"href":"https:\/\/eimediacion.edu.es\/cat\/wp-json\/wp\/v2\/posts"}],"about":[{"href":"https:\/\/eimediacion.edu.es\/cat\/wp-json\/wp\/v2\/types\/post"}],"author":[{"embeddable":true,"href":"https:\/\/eimediacion.edu.es\/cat\/wp-json\/wp\/v2\/users\/23"}],"replies":[{"embeddable":true,"href":"https:\/\/eimediacion.edu.es\/cat\/wp-json\/wp\/v2\/comments?post=44029"}],"version-history":[{"count":1,"href":"https:\/\/eimediacion.edu.es\/cat\/wp-json\/wp\/v2\/posts\/44029\/revisions"}],"predecessor-version":[{"id":44031,"href":"https:\/\/eimediacion.edu.es\/cat\/wp-json\/wp\/v2\/posts\/44029\/revisions\/44031"}],"wp:featuredmedia":[{"embeddable":true,"href":"https:\/\/eimediacion.edu.es\/cat\/wp-json\/wp\/v2\/media\/44030"}],"wp:attachment":[{"href":"https:\/\/eimediacion.edu.es\/cat\/wp-json\/wp\/v2\/media?parent=44029"}],"wp:term":[{"taxonomy":"category","embeddable":true,"href":"https:\/\/eimediacion.edu.es\/cat\/wp-json\/wp\/v2\/categories?post=44029"},{"taxonomy":"post_tag","embeddable":true,"href":"https:\/\/eimediacion.edu.es\/cat\/wp-json\/wp\/v2\/tags?post=44029"}],"curies":[{"name":"wp","href":"https:\/\/api.w.org\/{rel}","templated":true}]}}