{"id":44018,"date":"2025-01-11T15:56:36","date_gmt":"2025-01-11T14:56:36","guid":{"rendered":"https:\/\/eimediacion.edu.es\/?p=44018"},"modified":"2025-01-11T17:15:12","modified_gmt":"2025-01-11T16:15:12","slug":"nueva-ley-futuro-mediacion","status":"publish","type":"post","link":"https:\/\/eimediacion.edu.es\/cat\/ser-mediador\/nueva-ley-futuro-mediacion\/","title":{"rendered":"La nova llei org\u00e0nica que transforma el futur de la mediaci\u00f3"},"content":{"rendered":"<p>Els canvis produ\u00efts per la Llei Org\u00e0nica de Mesures en mat\u00e8ria d&#039;Efici\u00e8ncia del Servei P\u00fablic de Just\u00edcia produeixen un cop d&#039;impacte al nostre ordenament jur\u00eddic, afectant directament la mediaci\u00f3, i sacsejant pr\u00e0cticament la totalitat de sectors normatius. <\/p>\n\n\n\n<p>Un tsunami jur\u00eddic que, com a punt positiu, <strong>situa els sistemes alternatius de resoluci\u00f3 de conflicte com a prioritaris<\/strong> , aix\u00ed la disposici\u00f3 del proc\u00e9s permet sotmetre&#039;s a \u201c mediaci\u00f3 o qualsevol altre mitj\u00e0 adequat de soluci\u00f3 de controv\u00e8rsies <\/p>\n\n\n\n<p><strong>El que es busca, diu aquest text legal, \u00e9s alleujar la c\u00e0rrega dels tribunals promovent acords extrajudicials i fomentant una cultura de resoluci\u00f3 pac\u00edfica de disputes<\/strong>. En l\u00ednia amb tend\u00e8ncies internacionals a pa\u00efsos com Fran\u00e7a, Regne Unit i Estats Units on els MASC (mediaci\u00f3, la conciliaci\u00f3, arbitratge i dret col\u00b7laboratiu), han demostrat ser efectius per millorar l&#039;efici\u00e8ncia judicial.<\/p>\n\n\n\n<p>L&#039;\u00fas dels mitjans adequats de soluci\u00f3 de controv\u00e8rsia se circumscriu als assumptes civils i mercantils, inclosos els conflictes transfronterers quan almenys una de les parts tingui el domicili a Espanya i l&#039;activitat negociadora es realitzi en territori espanyol.<\/p>\n\n\n\n<p><strong>Els MASC seran obligatoris tant a la jurisdicci\u00f3 civil, mercantil com social<\/strong>\u2013 Tant en disputes comercials, com en contractes hipotecaris, pr\u00e9stecs, reclamacions de cl\u00e0usules abusives, conflictes de consum, litigis de propietat horitzontal i arrendaments urbans.<\/p>\n\n\n\n<h2 class=\"wp-block-heading\">Per primera vegada en la hist\u00f2ria de la nostra just\u00edcia, els MASC es posicionen al centre de proc\u00e9s judicial.<\/h2>\n\n\n\n<p>Amb la nova norma se&#039;n va molts m\u00e9s enll\u00e0 que en el simple foment de la cultura del di\u00e0leg o de la pau, at\u00e8s que es configura com a requisit de procedibilitat, \u00e9s a dir, com a pas previ acreditat a la interposici\u00f3 de les demandes judicials, devent existir una identitat entre l&#039;objecte de la negociaci\u00f3 i l&#039;objecte del litigi, encara que les pretensions a exercitar, si escau, poguessin variar en via judicial.<\/p>\n\n\n\n<p>Podr\u00e0 realitzar-se pr\u00e8via sol\u00b7licitud d&#039;una o ambdues parts de com\u00fa acord, o de la derivaci\u00f3 del tribunal mitjan\u00e7ant resoluci\u00f3 judicial o del lletrat de l&#039;Administraci\u00f3 de just\u00edcia, i en el cas que el sistema a seguir sigui la mediaci\u00f3 la pres\u00e8ncia d&#039;advocat de les parts a les sessions no ser\u00e0 preceptiva , per\u00f2 quan una de les parts vulgui que hi assisteixi haur\u00e0 de comunicar - ho perqu\u00e8 l&#039; altra decideixi valdre&#039;s o no d&#039; assist\u00e8ncia lletrada en el mateix sentit en el termini de tres dies.<\/p>\n\n\n\n<p>Els efectes en el proc\u00e9s de la intervenci\u00f3 de la persona mediadora, suspendran els terminis de prescripci\u00f3 i caducitat des de la sol\u00b7licitud de mediaci\u00f3, aixecant aquesta suspensi\u00f3 en el cas que en el termini de 15 dies no se signi acta constitutiva, sent l&#039;acta final la que aixeca la suspensi\u00f3 de forma<\/p>\n\n\n\n<p><\/p>\n\n\n\n<h2 class=\"wp-block-heading\">\u00c9s el moment d&#039;avan\u00e7ar a la teva carrera professional a l&#039;\u00e0rea de la medicaci\u00f3<\/h2>\n\n\n\n<p>Vols con\u00e8ixer de primera m\u00e0 les novetats m\u00e9s rellevants en la mat\u00e8ria , diferenciar la mediaci\u00f3 de la resta de sistemes adequats de soluci\u00f3 de controv\u00e8rsia, con\u00e8ixer els efectes que genera l&#039;obertura d&#039;un MASC, com es podr\u00e0 acreditar el requisit de procedibilitat i els terminis d&#039;interposici\u00f3 de demanda, com ha de ser l&#039;acord final, la seva documentaci\u00f3, confidencialitat, la rellev\u00e0ncia dels mitjans telem\u00e0tics, i les conseq\u00fc\u00e8ncies de la manca de voluntarietat en la negociaci\u00f3 i en el nou concepte d&#039;\u201cab\u00fas del servei p\u00fablic de just\u00edcia\u201d \u2026<\/p>\n\n\n\n<p><strong>La nova llei, que inclou diverses reformes processals, entra en vigor d&#039;aqu\u00ed a tres mesos. <\/strong>Tot i aix\u00f2, la implantaci\u00f3 dels tribunals d&#039;inst\u00e0ncia i les oficines judicials que donin servei a la nova organitzaci\u00f3 requereix l&#039;aprovaci\u00f3 d&#039;un reglament de desenvolupament per a la qual cosa el Govern compta amb un termini de sis mesos.<\/p>\n\n\n\n<p><\/p>\n\n\n\n<p>Per tot aix\u00f2, \u00e9s el moment de fer un gran pas en la teva carrera com a mediador\/a <strong>\u2026 <a href=\"https:\/\/eimediacion.edu.es\/cat\/\">l&#039;EIM<\/a> llan\u00e7a curs d&#039;actualitzaci\u00f3 expert en Mediaci\u00f3 per solucionar tots els teus dubtes, acreditar la seva sufici\u00e8ncia en continguts, per exercir la tasca mediadora amb total seguretat, editat per experts en la mat\u00e8ria de qualificat prestigi.<\/strong><\/p>\n\n\n\n<p><em>Podeu veure m\u00e9s detalls a l&#039;entrevista realitzada a la directora general d&#039;EIM a Capital Radio amb motiu de la nova llei<\/em>, a <a href=\"https:\/\/www.linkedin.com\/posts\/eimediacion_eim-mediaciaejn-formaciaejndecalidad-activity-7283578293616807938-EgWV?utm_source=share&amp;utm_medium=member_desktop\" target=\"_blank\" rel=\"noreferrer noopener nofollow\">aquest post a LinkedIn<\/a><\/p>\n\n\n\n<figure class=\"wp-block-image size-large\"><a href=\"https:\/\/www.linkedin.com\/posts\/eimediacion_eim-mediaciaejn-formaciaejndecalidad-activity-7283578293616807938-EgWV?utm_source=share&amp;utm_medium=member_desktop\" rel=\"nofollow noopener\" target=\"_blank\"><img loading=\"lazy\" decoding=\"async\" width=\"1024\" height=\"512\" src=\"https:\/\/eimediacion.edu.es\/wp-content\/uploads\/2025\/01\/el-futuro-de-la-mediacion-1024x512.jpg\" alt=\"\" class=\"wp-image-44023\" title=\"\" srcset=\"https:\/\/eimediacion.edu.es\/wp-content\/uploads\/2025\/01\/el-futuro-de-la-mediacion-1024x512.jpg 1024w, https:\/\/eimediacion.edu.es\/wp-content\/uploads\/2025\/01\/el-futuro-de-la-mediacion-348x174.jpg 348w, https:\/\/eimediacion.edu.es\/wp-content\/uploads\/2025\/01\/el-futuro-de-la-mediacion-768x384.jpg 768w, https:\/\/eimediacion.edu.es\/wp-content\/uploads\/2025\/01\/el-futuro-de-la-mediacion-1536x768.jpg 1536w, https:\/\/eimediacion.edu.es\/wp-content\/uploads\/2025\/01\/el-futuro-de-la-mediacion-18x9.jpg 18w, https:\/\/eimediacion.edu.es\/wp-content\/uploads\/2025\/01\/el-futuro-de-la-mediacion.jpg 1728w\" sizes=\"auto, (max-width: 1024px) 100vw, 1024px\" \/><\/a><\/figure>","protected":false},"excerpt":{"rendered":"<p>Els canvis produ\u00efts per la Llei Org\u00e0nica de Mesures en mat\u00e8ria d&#039;Efici\u00e8ncia del Servei P\u00fablic de Just\u00edcia produeixen un cop d&#039;impacte en el nostre ordenament jur\u00eddic, afectant directament la mediaci\u00f3 i sacsejant pr\u00e0cticament la totalitat de sectors normatius. Un tsunami jur\u00eddic que, com a punt positiu, \u2026 <a title=\"La nova llei org\u00e0nica que transforma el futur de la mediaci\u00f3\" class=\"read-more\" href=\"https:\/\/eimediacion.edu.es\/cat\/ser-mediador\/nueva-ley-futuro-mediacion\/\" aria-label=\"M\u00e9s informaci\u00f3 sobre La nova llei org\u00e0nica que transforma el futur de la mediaci\u00f3\">Llegir m\u00e9s<\/a><\/p>","protected":false},"author":56,"featured_media":44019,"comment_status":"closed","ping_status":"closed","sticky":false,"template":"","format":"standard","meta":{"inline_featured_image":false,"footnotes":""},"categories":[25,27],"tags":[186],"class_list":["post-44018","post","type-post","status-publish","format-standard","has-post-thumbnail","hentry","category-ser-mediador","category-noticias-de-mediacion","tag-mediacion"],"_links":{"self":[{"href":"https:\/\/eimediacion.edu.es\/cat\/wp-json\/wp\/v2\/posts\/44018","targetHints":{"allow":["GET"]}}],"collection":[{"href":"https:\/\/eimediacion.edu.es\/cat\/wp-json\/wp\/v2\/posts"}],"about":[{"href":"https:\/\/eimediacion.edu.es\/cat\/wp-json\/wp\/v2\/types\/post"}],"author":[{"embeddable":true,"href":"https:\/\/eimediacion.edu.es\/cat\/wp-json\/wp\/v2\/users\/56"}],"replies":[{"embeddable":true,"href":"https:\/\/eimediacion.edu.es\/cat\/wp-json\/wp\/v2\/comments?post=44018"}],"version-history":[{"count":4,"href":"https:\/\/eimediacion.edu.es\/cat\/wp-json\/wp\/v2\/posts\/44018\/revisions"}],"predecessor-version":[{"id":44024,"href":"https:\/\/eimediacion.edu.es\/cat\/wp-json\/wp\/v2\/posts\/44018\/revisions\/44024"}],"wp:featuredmedia":[{"embeddable":true,"href":"https:\/\/eimediacion.edu.es\/cat\/wp-json\/wp\/v2\/media\/44019"}],"wp:attachment":[{"href":"https:\/\/eimediacion.edu.es\/cat\/wp-json\/wp\/v2\/media?parent=44018"}],"wp:term":[{"taxonomy":"category","embeddable":true,"href":"https:\/\/eimediacion.edu.es\/cat\/wp-json\/wp\/v2\/categories?post=44018"},{"taxonomy":"post_tag","embeddable":true,"href":"https:\/\/eimediacion.edu.es\/cat\/wp-json\/wp\/v2\/tags?post=44018"}],"curies":[{"name":"wp","href":"https:\/\/api.w.org\/{rel}","templated":true}]}}