{"id":43772,"date":"2024-12-19T13:30:18","date_gmt":"2024-12-19T12:30:18","guid":{"rendered":"https:\/\/eimediacion.edu.es\/?p=43772"},"modified":"2024-12-23T16:13:44","modified_gmt":"2024-12-23T15:13:44","slug":"empleo-educadores-psicologos-madrid-navarra-barcelona","status":"publish","type":"post","link":"https:\/\/eimediacion.edu.es\/cat\/noticias-eim-menores\/empleo-educadores-psicologos-madrid-navarra-barcelona\/","title":{"rendered":"Ofertes de treball per a educadors socials i psic\u00f2legs a Barcelona, Madrid i Navarra"},"content":{"rendered":"<figure class=\"wp-block-image size-full\"><img loading=\"lazy\" decoding=\"async\" width=\"1024\" height=\"153\" src=\"https:\/\/eimediacion.edu.es\/wp-content\/uploads\/2021\/05\/ofertas-de-empleo-1024x153-1.jpg\" alt=\"\" class=\"wp-image-25526\" title=\"\" srcset=\"https:\/\/eimediacion.edu.es\/wp-content\/uploads\/2021\/05\/ofertas-de-empleo-1024x153-1.jpg 1024w, https:\/\/eimediacion.edu.es\/wp-content\/uploads\/2021\/05\/ofertas-de-empleo-1024x153-1-376x56.jpg 376w, https:\/\/eimediacion.edu.es\/wp-content\/uploads\/2021\/05\/ofertas-de-empleo-1024x153-1-768x115.jpg 768w, https:\/\/eimediacion.edu.es\/wp-content\/uploads\/2021\/05\/ofertas-de-empleo-1024x153-1-678x101.jpg 678w\" sizes=\"auto, (max-width: 1024px) 100vw, 1024px\" \/><\/figure>\n\n\n\n<h2 class=\"wp-block-heading\" id=\"mediador-a-social-en-madrid\"><strong>Educadora social CRAE<\/strong><\/h2>\n\n\n\n<p><strong>Descripci\u00f3 del lloc<\/strong><\/p>\n\n\n\n<p>Som una Fundaci\u00f3 d&#039;entorn 270 professionals, amb una traject\u00f2ria de 50 anys, comprometida amb les fam\u00edlies en situaci\u00f3 de vulnerabilitat, que ofereix acompanyament a l&#039;\u00e0mbit social, psicol\u00f2gic i educatiu.<\/p>\n\n\n\n<p><strong>Qu\u00e8 estem buscant?<\/strong><\/p>\n\n\n\n<p><strong>Educadora Social CRAE torn de dia.<\/strong><\/p>\n\n\n\n<p>* Treball al quotidi\u00e0 del centre amb infants i adolescents.<\/p>\n\n\n\n<p>* Activitats l\u00fadiques de cap de setmana.<\/p>\n\n\n\n<p>* Responsabilitat de dur l&#039;\u00e0rea d&#039;\u00e0mbit escolar, emocional i de g\u00e8nere del CRAE.<\/p>\n\n\n\n<p>* Coordinaci\u00f3 amb la resta de l&#039;equip i la xarxa d&#039;atenci\u00f3 a la inf\u00e0ncia.<\/p>\n\n\n\n<p>* Documentaci\u00f3, informes, etc.<\/p>\n\n\n\n<p><strong>Perfil<\/strong><\/p>\n\n\n\n<ul class=\"wp-block-list\">\n<li>Experi\u00e8ncia en xarxa de protecci\u00f3 de menors.* Experi\u00e8ncia de treball en equip.* Experi\u00e8ncia de treball a CRAE&#039;s.* Experi\u00e8ncia de treball amb infants i joves en risc social.<\/li>\n<\/ul>\n\n\n\n<p><strong>Compet\u00e8ncies<\/strong><\/p>\n\n\n\n<ul class=\"wp-block-list\">\n<li>Iniciativa i autonomia, Organitzaci\u00f3 i planificaci\u00f3, Treball en equip<\/li>\n<\/ul>\n\n\n\n<p><strong>S\u00b4ofereix:<\/strong><\/p>\n\n\n\n<ul class=\"wp-block-list\">\n<li>Contracte indefinit<\/li>\n\n\n\n<li>Ubicaci\u00f3: Hospitalet de LL (Barcelona)<\/li>\n<\/ul>\n\n\n\n<p><strong>Horari:<\/strong><\/p>\n\n\n\n<p>20 Hores Setmanals. Horari rotatiu cada 3 setmanas:<\/p>\n\n\n\n<p>* Setmana 1: dissabte de 7.30 a 22.00 hores o de 7.45 a 22.15 hores.<\/p>\n\n\n\n<p>* Setmana 2: de dilluns a divendres de 15.45 a 22.00 hores o de 16.00 a 22.15 h.<\/p>\n\n\n\n<p>* Setmana 3: diumenge de 7.30 a 22.00 ho de 7.45 a 22.15 hores.<\/p>\n\n\n\n<p>Salari de 13.687,83\u20ac bruts anuals. (per jornada a temps parcial de 20 h)<\/p>\n\n\n\n<p><strong>Nivell:<\/strong> empleat.<\/p>\n\n\n\n<p>Pots<strong> inscriure&#039;t en aquesta oferta de treball<\/strong> per treballar com a mediador\/a <a href=\"https:\/\/www.hacesfalta.org\/oportunidades\/remuneradas\/detalle\/educadora-social-crae\/251578\" rel=\"nofollow noopener\" target=\"_blank\">fent clic<\/a><\/p>\n\n\n\n<figure class=\"wp-block-image size-full\"><img loading=\"lazy\" decoding=\"async\" width=\"1024\" height=\"153\" src=\"https:\/\/eimediacion.edu.es\/wp-content\/uploads\/2021\/05\/ofertas-de-empleo-1024x153-1.jpg\" alt=\"\" class=\"wp-image-25526\" title=\"\" srcset=\"https:\/\/eimediacion.edu.es\/wp-content\/uploads\/2021\/05\/ofertas-de-empleo-1024x153-1.jpg 1024w, https:\/\/eimediacion.edu.es\/wp-content\/uploads\/2021\/05\/ofertas-de-empleo-1024x153-1-376x56.jpg 376w, https:\/\/eimediacion.edu.es\/wp-content\/uploads\/2021\/05\/ofertas-de-empleo-1024x153-1-768x115.jpg 768w, https:\/\/eimediacion.edu.es\/wp-content\/uploads\/2021\/05\/ofertas-de-empleo-1024x153-1-678x101.jpg 678w\" sizes=\"auto, (max-width: 1024px) 100vw, 1024px\" \/><\/figure>\n\n\n\n<h2 class=\"wp-block-heading\"><strong>Psic\u00f2leg\/a Madrid<\/strong><\/h2>\n\n\n\n<p><strong>Descripci\u00f3 del lloc<\/strong><\/p>\n\n\n\n<p>Des del Centre d&#039;Atenci\u00f3 Primerenca d&#039;Integrandes busquem incorporar al nostre equip un graduat\/ada o llicenciat\/ada en Psicologia.<\/p>\n\n\n\n<p>JORNADA: 32 hores setmanals, ampliables a jornada completa al futur.<\/p>\n\n\n\n<p>HORARI: Mat\u00ed i tarda, en funci\u00f3 dels horaris de tractament.<\/p>\n\n\n\n<p><strong>Perfil desitjat<\/strong><\/p>\n\n\n\n<p>Requisit indispensable llicenciatura o grau en psicologia. M\u00e0ster General Sanitari o habilitaci\u00f3 sanit\u00e0ria.<\/p>\n\n\n\n<p><strong>Es valorar\u00e0 positivament:<\/strong><\/p>\n\n\n\n<ul class=\"wp-block-list\">\n<li>Formaci\u00f3 especialitzada en Atenci\u00f3 Primerenca.<\/li>\n\n\n\n<li>Experi\u00e8ncia a Centres d&#039;Atenci\u00f3 Primerenca.<\/li>\n<\/ul>\n\n\n\n<p><strong>Compet\u00e8ncies<\/strong><\/p>\n\n\n\n<p>Iniciativa i autonomia, Capacitat daprenentatge, Optimisme i entusiasme, Organitzaci\u00f3 i planificaci\u00f3, Fiabilitat t\u00e8cnica i personal, Treball en equip.<\/p>\n\n\n\n<p><strong>S&#039;ofereix<\/strong><\/p>\n\n\n\n<ul class=\"wp-block-list\">\n<li>Nivell:Especialista<\/li>\n\n\n\n<li>Tipus de contracte: Jornada intensiva<\/li>\n\n\n\n<li>Durada:Sense especificar<\/li>\n\n\n\n<li>Salari: Entre 24.001 i 30.000 \u20ac brut\/anual<\/li>\n\n\n\n<li>Estudis m\u00ednims: Llicenciat<\/li>\n\n\n\n<li>Experi\u00e8ncia m\u00ednima:No requerida<\/li>\n\n\n\n<li>Data inici:17\/12\/2024<\/li>\n<\/ul>\n\n\n\n<p>Pots<strong> inscriure&#039;t en aquesta oferta de treball<\/strong> per treballar com a mediador\/a <a href=\"https:\/\/www.hacesfalta.org\/oportunidades\/remuneradas\/detalle\/psicologoa\/251549\" rel=\"nofollow noopener\" target=\"_blank\">fent clic<\/a><\/p>\n\n\n\n<figure class=\"wp-block-image size-full\"><img loading=\"lazy\" decoding=\"async\" width=\"1024\" height=\"153\" src=\"https:\/\/eimediacion.edu.es\/wp-content\/uploads\/2021\/05\/ofertas-de-empleo-1024x153-1.jpg\" alt=\"\" class=\"wp-image-25526\" title=\"\" srcset=\"https:\/\/eimediacion.edu.es\/wp-content\/uploads\/2021\/05\/ofertas-de-empleo-1024x153-1.jpg 1024w, https:\/\/eimediacion.edu.es\/wp-content\/uploads\/2021\/05\/ofertas-de-empleo-1024x153-1-376x56.jpg 376w, https:\/\/eimediacion.edu.es\/wp-content\/uploads\/2021\/05\/ofertas-de-empleo-1024x153-1-768x115.jpg 768w, https:\/\/eimediacion.edu.es\/wp-content\/uploads\/2021\/05\/ofertas-de-empleo-1024x153-1-678x101.jpg 678w\" sizes=\"auto, (max-width: 1024px) 100vw, 1024px\" \/><\/figure>\n\n\n\n<h2 class=\"wp-block-heading\"><strong>Educador social a Madrid<\/strong><\/h2>\n\n\n\n<p><strong>Descripci\u00f3 del lloc<\/strong><\/p>\n\n\n\n<p>L&#039;educador\/a del Centre Espai Jove t\u00e9 la missi\u00f3 d&#039;acompanyar i guiar els infants en el proc\u00e9s de desenvolupament educatiu i personal, promovent el seu benestar i afavorint la participaci\u00f3 activa de les seves fam\u00edlies. Sota el marc del projecte educatiu del centre (PEC) i els principis de l&#039;entitat, l&#039;educador\/a exercir\u00e0 un paper clau en la planificaci\u00f3, l&#039;execuci\u00f3 i l&#039;avaluaci\u00f3 d&#039;activitats educatives i socials, contribuint al desenvolupament integral dels menors.<\/p>\n\n\n\n<p><strong>Funcions principals<\/strong><\/p>\n\n\n\n<ul class=\"wp-block-list\">\n<li><strong>Planificaci\u00f3 i execuci\u00f3 d&#039;activitats educatives:<\/strong>\u00a0Dissenyar, organitzar i dirigir activitats di\u00e0ries adaptades a les necessitats i caracter\u00edstiques del grup de nens al seu c\u00e0rrec, fomentant-ne el desenvolupament personal, social i emocional.<\/li>\n\n\n\n<li><strong>Acompanyament i seguiment individualitzat:<\/strong>\u00a0Realitzar un seguiment continu dels infants a c\u00e0rrec seu, valorant-ne les necessitats i ajustant les intervencions educatives en funci\u00f3 de la seva evoluci\u00f3.<\/li>\n\n\n\n<li><strong>Treball en xarxa amb agents socials:\u00a0<\/strong>col\u00b7laborar amb altres professionals, com a treballadors socials, psic\u00f2legs i altres educadors, per assegurar un enfocament integral a la feina amb les fam\u00edlies i garantir el benestar dels nens.<\/li>\n\n\n\n<li><strong>Suport a voluntaris i estudiants en pr\u00e0ctiques:<\/strong>\u00a0Brindar suport i orientaci\u00f3 als voluntaris i alumnes en pr\u00e0ctiques, assegurant que les seves tasques estiguin alineades amb els objectius educatius del centre.<\/li>\n\n\n\n<li><strong>Avaluaci\u00f3 i seguiment dels nens:<\/strong>\u00a0Utilitzar eines pedag\u00f2giques per avaluar el progr\u00e9s i el desenvolupament dels nens, i realitzar els informes corresponents per ajustar les intervencions i millorar els resultats.<\/li>\n\n\n\n<li><strong>Col\u00b7laboraci\u00f3 amb les fam\u00edlies:\u00a0<\/strong>Mantenir una comunicaci\u00f3 fluida amb les fam\u00edlies, involucrant-les en el proc\u00e9s educatiu dels seus fills i oferint suport quan calgui.<\/li>\n\n\n\n<li><strong>Suport en la gesti\u00f3 del centre:\u00a0<\/strong>Contribuir al bon funcionament general del projecte educatiu, recolzant en l&#039;organitzaci\u00f3 i la utilitzaci\u00f3 eficient dels recursos materials i humans disponibles.<\/li>\n<\/ul>\n\n\n\n<p><strong>Compet\u00e8ncies requerides<\/strong><\/p>\n\n\n\n<ul class=\"wp-block-list\">\n<li><strong>Comunicaci\u00f3 efectiva:<\/strong>\u00a0Habilitat per comunicar-te amb els infants, les fam\u00edlies i l&#039;equip de treball de manera clara i emp\u00e0tica.<\/li>\n\n\n\n<li><strong>Treball en equip:<\/strong>\u00a0Capacitat per col\u00b7laborar amb altres educadors, agents socials i voluntaris en un entorn cooperatiu.<\/li>\n\n\n\n<li><strong>Empatia:\u00a0<\/strong>Ser sensible a les necessitats dels infants i les fam\u00edlies, mostrant una actitud comprensiva i respectuosa.<\/li>\n\n\n\n<li><strong>Orientaci\u00f3 a l&#039;\u00e8xit:<\/strong>\u00a0Enfocament en el benestar i el desenvolupament dels infants, amb capacitat per motivar i assolir els objectius educatius.<\/li>\n\n\n\n<li><strong>Flexibilitat:<\/strong>\u00a0Capacitat per adaptar-se a canvis i situacions imprevistes, ajustant les intervencions i activitats segons les necessitats del grup.<\/li>\n\n\n\n<li><strong>Autocontrol i gesti\u00f3 emocional:<\/strong>\u00a0Habilitat per manejar situacions emocionals complexes, tant amb nens com amb fam\u00edlies, de manera tranquil\u00b7la i professional.<\/li>\n<\/ul>\n\n\n\n<p><strong>Requisits<\/strong><\/p>\n\n\n\n<ul class=\"wp-block-list\">\n<li><strong>Formaci\u00f3:<\/strong>\u00a0Titulaci\u00f3 universit\u00e0ria en Educaci\u00f3 Social, Pedagogia, Psicopedagogia o \u00e0rees relacionades amb all\u00f2 social.<\/li>\n\n\n\n<li><strong>Experi\u00e8ncia:<\/strong>\u00a0Almenys 2 anys dexperi\u00e8ncia en treball directe amb menors i fam\u00edlies, preferiblement en contextos de vulnerabilitat o risc social amb adolescents.<\/li>\n\n\n\n<li><strong>Formaci\u00f3 complement\u00e0ria:\u00a0<\/strong>Titulaci\u00f3 de monitor de lleure.<\/li>\n\n\n\n<li><strong>Coneixements inform\u00e0tics:<\/strong>\u00a0\u00a0Maneig b\u00e0sic de paquet Office.<\/li>\n\n\n\n<li><strong>Idiomes:\u00a0<\/strong>Nivell mitj\u00e0 dangl\u00e8s.<\/li>\n<\/ul>\n\n\n\n<p><strong>Condicions laborals<\/strong><\/p>\n\n\n\n<ul class=\"wp-block-list\">\n<li>Jornada:\u00a0<strong>38,5 hores setmanals.<\/strong><\/li>\n<\/ul>\n\n\n\n<ul class=\"wp-block-list\">\n<li>Horari: l<strong>uns a dijous de 12:00h a 20:00h<\/strong>\u00a0i divendres de\u00a0<strong>15:30 ha 20:00 h,<\/strong>\u00a0amb flexibilitat en per\u00edodes no lectius (campaments urbans).<\/li>\n\n\n\n<li>Salari: Entre 24.001 i 30.000 \u20ac brut\/anual<\/li>\n<\/ul>\n\n\n\n<p>Pots<strong> inscriure&#039;t en aquesta oferta de treball<\/strong> per treballar com a mediador\/a <a href=\"https:\/\/www.hacesfalta.org\/oportunidades\/remuneradas\/detalle\/educador-social\/251520\" rel=\"nofollow noopener\" target=\"_blank\">fent clic aqu\u00ed<\/a><\/p>\n\n\n\n<figure class=\"wp-block-image size-full\"><img loading=\"lazy\" decoding=\"async\" width=\"1024\" height=\"153\" src=\"https:\/\/eimediacion.edu.es\/wp-content\/uploads\/2021\/05\/ofertas-de-empleo-1024x153-1.jpg\" alt=\"\" class=\"wp-image-25526\" title=\"\" srcset=\"https:\/\/eimediacion.edu.es\/wp-content\/uploads\/2021\/05\/ofertas-de-empleo-1024x153-1.jpg 1024w, https:\/\/eimediacion.edu.es\/wp-content\/uploads\/2021\/05\/ofertas-de-empleo-1024x153-1-376x56.jpg 376w, https:\/\/eimediacion.edu.es\/wp-content\/uploads\/2021\/05\/ofertas-de-empleo-1024x153-1-768x115.jpg 768w, https:\/\/eimediacion.edu.es\/wp-content\/uploads\/2021\/05\/ofertas-de-empleo-1024x153-1-678x101.jpg 678w\" sizes=\"auto, (max-width: 1024px) 100vw, 1024px\" \/><\/figure>\n\n\n\n<h2 class=\"wp-block-heading\"><strong>Educador Social Temporal- Torns rotatius (Marcilla, Navarra)<\/strong><\/h2>\n\n\n\n<p>A <strong>Associaci\u00f3 GINSO<\/strong> (Associaci\u00f3 per a la gesti\u00f3 de la Integraci\u00f3 Social), centrem el nostre objectiu principal en la integraci\u00f3 social de menors i joves en conflicte social i col\u00b7lectius en risc d&#039;exclusi\u00f3, des de l&#039;any 2001.<\/p>\n\n\n\n<p>Actualment, ens trobem a la recerca d&#039;EDUCADORS\/ES SOCIALS per al torn de MAT\u00cd, TARDA, CAPS DE SETMANA I NIT (torns rotatius), per comen\u00e7ar amb nosaltres inicialment amb un CONTRACTE TEMPORAL (Llarga durada), amb possibilitats reals de continu\u00eftat, treballant en un dels nostres Centres de Menors ubicat a MARCILLA, NAVARRA.<\/p>\n\n\n\n<p><strong>Funcions<\/strong><\/p>\n\n\n\n<ul class=\"wp-block-list\">\n<li>Acompanyar els\/les menors durant el proc\u00e9s de valoraci\u00f3 i estada al centre.<\/li>\n\n\n\n<li>Ser el model d&#039;identificaci\u00f3 quant a pautes de comportament i exercici de rols socials integradors a la societat actual.<\/li>\n\n\n\n<li>Promoure l&#039;autonomia personal i social dels nens, nenes i adolescents atesos\/es.<\/li>\n\n\n\n<li>Abordar espec\u00edficament els objectius clau seg\u00fcents: coneixement de l&#039;idioma, la regularitzaci\u00f3 administrativa, integraci\u00f3 sociocomunit\u00e0ria i la promoci\u00f3 sociolaboral.<\/li>\n<\/ul>\n\n\n\n<p><strong>Requisits<\/strong><\/p>\n\n\n\n<ul class=\"wp-block-list\">\n<li>Titulaci\u00f3: Grau en Educaci\u00f3 Social i\/o Treball Social.<\/li>\n\n\n\n<li>S&#039;haur\u00e0 de tenir experi\u00e8ncia d&#039;almenys 2 anys dins dels darrers 10 treballats a l&#039;\u00e0rea d&#039;Educaci\u00f3 Social a Centres de Menors.<\/li>\n\n\n\n<li>Disponibilitat per a incorporaci\u00f3 immediata.<\/li>\n<\/ul>\n\n\n\n<p><strong>S&#039;ofereix<\/strong><\/p>\n\n\n\n<ul class=\"wp-block-list\">\n<li>Salari: *text ocult*0 euros bruts anuals.<\/li>\n\n\n\n<li>Contracte temporal inicialment (3 mesos), amb possibilitats reals de continu\u00eftat dins lorganitzaci\u00f3 de forma indefinida.<\/li>\n\n\n\n<li>Formaci\u00f3 continuada a c\u00e0rrec de l&#039;empresa, dins l&#039;\u00c0rea d&#039;Educaci\u00f3 Social.<\/li>\n\n\n\n<li>Oportunitat de desenvolupament i projecci\u00f3 professional dins de l&#039;Associaci\u00f3.<\/li>\n\n\n\n<li>Bon ambient de treball, treball en equip.<\/li>\n<\/ul>\n\n\n\n<p>Pots<strong> inscriure&#039;t en aquesta oferta de treball<\/strong> per treballar com a mediador\/a <a href=\"http:\/\/Puedes inscribirte en esta oferta de trabajo para trabajar como mediador\/a haciendo clic aqu\u00ed\" rel=\"nofollow\">fent clic aqu\u00ed<\/a><\/p>","protected":false},"excerpt":{"rendered":"<p>Es busquen educadors socials i psic\u00f2legs per a Madrid, Navarra i Barcelona. Descobreix noves oportunitats laborals del teu sector a EIM!<\/p>","protected":false},"author":6,"featured_media":43742,"comment_status":"closed","ping_status":"closed","sticky":false,"template":"","format":"standard","meta":{"inline_featured_image":false,"footnotes":""},"categories":[222,25],"tags":[],"class_list":["post-43772","post","type-post","status-publish","format-standard","has-post-thumbnail","hentry","category-noticias-eim-menores","category-ser-mediador"],"_links":{"self":[{"href":"https:\/\/eimediacion.edu.es\/cat\/wp-json\/wp\/v2\/posts\/43772","targetHints":{"allow":["GET"]}}],"collection":[{"href":"https:\/\/eimediacion.edu.es\/cat\/wp-json\/wp\/v2\/posts"}],"about":[{"href":"https:\/\/eimediacion.edu.es\/cat\/wp-json\/wp\/v2\/types\/post"}],"author":[{"embeddable":true,"href":"https:\/\/eimediacion.edu.es\/cat\/wp-json\/wp\/v2\/users\/6"}],"replies":[{"embeddable":true,"href":"https:\/\/eimediacion.edu.es\/cat\/wp-json\/wp\/v2\/comments?post=43772"}],"version-history":[{"count":5,"href":"https:\/\/eimediacion.edu.es\/cat\/wp-json\/wp\/v2\/posts\/43772\/revisions"}],"predecessor-version":[{"id":43777,"href":"https:\/\/eimediacion.edu.es\/cat\/wp-json\/wp\/v2\/posts\/43772\/revisions\/43777"}],"wp:featuredmedia":[{"embeddable":true,"href":"https:\/\/eimediacion.edu.es\/cat\/wp-json\/wp\/v2\/media\/43742"}],"wp:attachment":[{"href":"https:\/\/eimediacion.edu.es\/cat\/wp-json\/wp\/v2\/media?parent=43772"}],"wp:term":[{"taxonomy":"category","embeddable":true,"href":"https:\/\/eimediacion.edu.es\/cat\/wp-json\/wp\/v2\/categories?post=43772"},{"taxonomy":"post_tag","embeddable":true,"href":"https:\/\/eimediacion.edu.es\/cat\/wp-json\/wp\/v2\/tags?post=43772"}],"curies":[{"name":"wp","href":"https:\/\/api.w.org\/{rel}","templated":true}]}}