{"id":43746,"date":"2024-12-05T16:31:16","date_gmt":"2024-12-05T15:31:16","guid":{"rendered":"https:\/\/eimediacion.edu.es\/?p=43746"},"modified":"2024-12-05T16:31:24","modified_gmt":"2024-12-05T15:31:24","slug":"empleo-mediadores-sociales-mallorca-madrid","status":"publish","type":"post","link":"https:\/\/eimediacion.edu.es\/cat\/ofertas-laborales\/empleo-mediadores-sociales-mallorca-madrid\/","title":{"rendered":"Ofertes de treball de mediador\/a social: Mallorca i Madrid"},"content":{"rendered":"<figure class=\"wp-block-image size-full\"><img loading=\"lazy\" decoding=\"async\" width=\"1024\" height=\"153\" src=\"https:\/\/eimediacion.edu.es\/wp-content\/uploads\/2021\/05\/ofertas-de-empleo-1024x153-1.jpg\" alt=\"\" class=\"wp-image-25526\" title=\"\" srcset=\"https:\/\/eimediacion.edu.es\/wp-content\/uploads\/2021\/05\/ofertas-de-empleo-1024x153-1.jpg 1024w, https:\/\/eimediacion.edu.es\/wp-content\/uploads\/2021\/05\/ofertas-de-empleo-1024x153-1-376x56.jpg 376w, https:\/\/eimediacion.edu.es\/wp-content\/uploads\/2021\/05\/ofertas-de-empleo-1024x153-1-768x115.jpg 768w, https:\/\/eimediacion.edu.es\/wp-content\/uploads\/2021\/05\/ofertas-de-empleo-1024x153-1-678x101.jpg 678w\" sizes=\"auto, (max-width: 1024px) 100vw, 1024px\" \/><\/figure>\n\n\n\n<h2 class=\"wp-block-heading\" id=\"mediador-a-social-en-madrid\"><strong><strong>Mediador\/a social<\/strong><\/strong><\/h2>\n\n\n\n<p><strong>Descripci\u00f3 del lloc<\/strong><\/p>\n\n\n\n<p>Cal educador o educadora per a la llar d&#039;acollida. La persona seleccionada haur\u00e0 d&#039;intervenir entre actors socials o institucionals en situacions socials de multiculturalitat per tal de prevenir i\/o resoldre possibles conflictes i potenciar la comunicaci\u00f3 amb l&#039;objectiu de treballar i afavorir la conviv\u00e8ncia intercultural.<br><strong>-Intervenir entre la persona menor d&#039;edat<\/strong> i entre el grup d&#039;iguals o professionals per aconseguir la integraci\u00f3 a l&#039;\u00e0mbit nou.<br><strong>-Donar suport als acompanyaments<\/strong> i en la tramitaci\u00f3 de la documentaci\u00f3.<\/p>\n\n\n\n<p><strong>Funcions<\/strong><\/p>\n\n\n\n<ul class=\"wp-block-list\">\n<li><strong>Intervenir entre actors socials<\/strong> o institucionals en situacions socials de multiculturalitat per tal de prevenir i\/o resoldre possibles conflictes i potenciar la comunicaci\u00f3 amb l&#039;objectiu de treballar i afavorir la conviv\u00e8ncia intercultural.<\/li>\n\n\n\n<li><strong>Intervenir entre la persona menor d&#039;edat<\/strong> i entre el grup d&#039;iguals o professionals per aconseguir la integraci\u00f3 a l&#039;\u00e0mbit nou.<\/li>\n\n\n\n<li><strong>Donar suport als acompanyaments<\/strong> i en la tramitaci\u00f3 de la documentaci\u00f3.<\/li>\n<\/ul>\n\n\n\n<p><strong>Formaci\u00f3 requerida<\/strong> (qualsevol de les seg\u00fcents)<\/p>\n\n\n\n<ul class=\"wp-block-list\">\n<li>Imprescindible nivell alt\/mitj\u00e0 d&#039;\u00e0rab.<\/li>\n\n\n\n<li>Titulaci\u00f3 en treball social, educaci\u00f3 social o carreres de la mateixa branca.<\/li>\n<\/ul>\n\n\n\n<p><strong>Experi\u00e8ncia sol\u00b7licitada<\/strong><\/p>\n\n\n\n<ul class=\"wp-block-list\">\n<li>Experi\u00e8ncia en llocs relacionats almenys de dos anys.<\/li>\n\n\n\n<li>Certificat de Delictes de Natura Sexual. Requeriment de certificat negatiu.<\/li>\n\n\n\n<li>Recomanable: formaci\u00f3 espec\u00edfica dins l&#039;\u00e0rea de Mediaci\u00f3 Intercultural d&#039;almenys 200 hores (curs).<\/li>\n<\/ul>\n\n\n\n<p><strong>Altres requisits<\/strong><\/p>\n\n\n\n<ul class=\"wp-block-list\">\n<li>Valorable experi\u00e8ncia en \u00e0mbits educatius<\/li>\n\n\n\n<li>Carnet de conduir.<\/li>\n<\/ul>\n\n\n\n<p><strong>S&#039;ofereix:<\/strong><\/p>\n\n\n\n<ul class=\"wp-block-list\">\n<li>Contracte d&#039;interinitat<\/li>\n\n\n\n<li>Salari: segons conveni.<\/li>\n\n\n\n<li>Horari: jornada completa<\/li>\n<\/ul>\n\n\n\n<p><strong>Nivell:<\/strong> empleat.<\/p>\n\n\n\n<p>Pots<strong> inscriure&#039;t en aquesta oferta de treball<\/strong> per treballar com a mediador\/a <a href=\"https:\/\/trabajaconnosotros.fundaciondiagrama.es\/mediadora-social-12\" target=\"_blank\" rel=\"noreferrer noopener nofollow\">fent clic aqu\u00ed<\/a>.<\/p>\n\n\n\n<figure class=\"wp-block-image size-full\"><img loading=\"lazy\" decoding=\"async\" width=\"1024\" height=\"153\" src=\"https:\/\/eimediacion.edu.es\/wp-content\/uploads\/2021\/05\/ofertas-de-empleo-1024x153-1.jpg\" alt=\"Descubre las \u00faltimas ofertas de empleo de mediaci\u00f3n.\" class=\"wp-image-25526\" title=\"\" srcset=\"https:\/\/eimediacion.edu.es\/wp-content\/uploads\/2021\/05\/ofertas-de-empleo-1024x153-1.jpg 1024w, https:\/\/eimediacion.edu.es\/wp-content\/uploads\/2021\/05\/ofertas-de-empleo-1024x153-1-376x56.jpg 376w, https:\/\/eimediacion.edu.es\/wp-content\/uploads\/2021\/05\/ofertas-de-empleo-1024x153-1-768x115.jpg 768w, https:\/\/eimediacion.edu.es\/wp-content\/uploads\/2021\/05\/ofertas-de-empleo-1024x153-1-678x101.jpg 678w\" sizes=\"auto, (max-width: 1024px) 100vw, 1024px\" \/><\/figure>\n\n\n\n<h2 class=\"wp-block-heading\" id=\"mediador-a-social-en-madrid\"><strong>Mediador\/a Social Refugiats Navacerrada<\/strong><\/h2>\n\n\n\n<p><strong>Descripci\u00f3 del lloc<\/strong><\/p>\n\n\n\n<p>En depend\u00e8ncia de la Coordinaci\u00f3 del Programa de Refugiats, busquem incorporar un\/a Mediador\/a Social per a Acollida Temporal al dispositiu de Navacerrada.<\/p>\n\n\n\n<p><strong>Funcions<\/strong><\/p>\n\n\n\n<p>\u2022 <strong>Donar\u00e0 suport al disseny, planificaci\u00f3 d&#039;accions d&#039;intervenci\u00f3 <\/strong>i formaci\u00f3 dels participants, desenvolupant funcions i gestions pr\u00f2pies dels coneixements i de l&#039;\u00e0rea de pertinen\u00e7a.<br>\u2022 <strong>Realitzar\u00e0s les accions per facilitar la integraci\u00f3<\/strong> de participants al projecte (Sol\u00b7licitants de protecci\u00f3 internacional, refugiats\/des i sol\u00b7licitants d&#039;asil).<br>\u2022 <strong>Atendr\u00e0s les demandes i les peticions d&#039;informaci\u00f3 dels participants.<\/strong><br>\u2022 <strong>Gestionar\u00e0s i coordinar\u00e0s amb entitats p\u00fabliques o privades<\/strong>, internes o externes lligades a l&#039;activitat desenvolupada.<br>\u2022 <strong>Realitzar\u00e0s les gestions pr\u00f2pies de l&#039;\u00e0rea<\/strong> de pertinen\u00e7a seguint criteris indicats pels responsables.<br>\u2022 Coneixer\u00e0s i complir\u00e0s amb la normativa de la Instituci\u00f3 en relaci\u00f3 amb les tasques a realitzar.<br>\u2022 Coneixer\u00e0s i complir\u00e0s el contingut i abast del projecte i programa<br>\u2022 Coneixer\u00e0s i complir\u00e0s la normativa de la Instituci\u00f3 en relaci\u00f3 amb la feina a realitzar.<\/p>\n\n\n\n<p><strong>Requisits<\/strong><\/p>\n\n\n\n<p>\u2022 Formaci\u00f3 Professional de Grau Superior (\u00e0rea sociocultural) i\/o Formaci\u00f3 de Mediaci\u00f3 Social Intercultural.<br>\u2022 Experi\u00e8ncia acreditada almenys de 6 mesos en intervenci\u00f3 amb persones immigrants, refugiats, persones sol\u00b7licitants d&#039;asil<br>\u2022 Experi\u00e8ncia en accions de mediaci\u00f3 social i sensibilitzaci\u00f3 intercultural.<br>\u2022 Nivell alt d&#039;idiomes, preferiblement angl\u00e8s i\/o franc\u00e8s i\/o \u00e0rab. Es far\u00e0 prova de nivell.<br>\u2022 Coneixements d&#039;inform\u00e0tica de nivell usuari.<\/p>\n\n\n\n<p><strong>Valorarem\u2026<\/strong><br>\u2022 Ser voluntari\/\u00e0ria actiu\/iva de Creu Roja.<br>\u2022 Experi\u00e8ncia en feina amb persones volunt\u00e0ries.<br>\u2022 Pert\u00e0nyer a algun dels col\u00b7lectius de poblaci\u00f3 vulnerable contemplats al pla d&#039;ocupaci\u00f3 de Creu Roja Espanyola.<br>\u2022 Estar en possessi\u00f3 de certificat de discapacitat.<\/p>\n\n\n\n<p><strong>S&#039;ofereix<\/strong><\/p>\n\n\n\n<p>\u2022 Contracte indefinit.<br>\u2022 Jornada laboral 35h setmanals<br>\u2022 Horari: Dilluns a divendres de 15.00ha 22.00h<br>\u2022 Grup professional: Grup3. Nivell 4.<br>\u2022 Retribuci\u00f3 bruta anual: 21.103\u20ac<br>\u2022 Per\u00edode de prova: l&#039;establert legalment.<br>\u2022 Centre de treball: Hotel Las Postas (Ctra, M-601, KM.10, 200, Navacerrada).<br>\u2022 Beneficis socials recollits al Conveni Creu Roja Comunitat de Madrid i certificat EFR.<\/p>\n\n\n\n<p>Pots<strong> inscriure&#039;t en aquesta oferta de treball<\/strong> per treballar com a mediador\/a fent<a href=\"https:\/\/es.jobrapido.com\/jobpreview\/292422076?utm_campaign=google_jobs_apply&amp;utm_source=google_jobs_apply&amp;utm_medium=organic\" data-type=\"URL\" data-id=\"https:\/\/es.jobrapido.com\/jobpreview\/292422076?utm_campaign=google_jobs_apply&amp;utm_source=google_jobs_apply&amp;utm_medium=organic\" rel=\"nofollow noopener\" target=\"_blank\"> <\/a><a href=\"https:\/\/cruzroja.epreselec.com\/Ofertas\/Ofertas.aspx?Id_Oferta=3086623\" target=\"_blank\" rel=\"noreferrer noopener nofollow\">clic aqu\u00ed<\/a>.<\/p>\n\n\n\n<figure class=\"wp-block-image size-full\"><img loading=\"lazy\" decoding=\"async\" width=\"1024\" height=\"153\" src=\"https:\/\/eimediacion.edu.es\/wp-content\/uploads\/2021\/05\/ofertas-de-empleo-1024x153-1.jpg\" alt=\"Descubre las \u00faltimas ofertas de empleo de mediaci\u00f3n.\" class=\"wp-image-25526\" title=\"\" srcset=\"https:\/\/eimediacion.edu.es\/wp-content\/uploads\/2021\/05\/ofertas-de-empleo-1024x153-1.jpg 1024w, https:\/\/eimediacion.edu.es\/wp-content\/uploads\/2021\/05\/ofertas-de-empleo-1024x153-1-376x56.jpg 376w, https:\/\/eimediacion.edu.es\/wp-content\/uploads\/2021\/05\/ofertas-de-empleo-1024x153-1-768x115.jpg 768w, https:\/\/eimediacion.edu.es\/wp-content\/uploads\/2021\/05\/ofertas-de-empleo-1024x153-1-678x101.jpg 678w\" sizes=\"auto, (max-width: 1024px) 100vw, 1024px\" \/><\/figure>\n\n\n\n<h2 class=\"wp-block-heading\" id=\"mediador-a-social-en-madrid\"><strong>Mediador\/a Social torn nit \u2013 Programa Refugiats Baralles<\/strong><\/h2>\n\n\n\n<p><strong>Descripci\u00f3 del lloc<\/strong><\/p>\n\n\n\n<p>En depend\u00e8ncia de la Coordinaci\u00f3 del Programa de Refugiats busquem incorporar un\/a Mediador\/a Social en torn de nit per a Barajas.<\/p>\n\n\n\n<p><strong>Funcions<\/strong><\/p>\n\n\n\n<p>\u2022 <strong>Donar\u00e0 suport al disseny, planificaci\u00f3 d&#039;accions d&#039;intervenci\u00f3<\/strong> i formaci\u00f3 dels participants, desenvolupant funcions i gestions pr\u00f2pies dels coneixements i de l&#039;\u00e0rea de pertinen\u00e7a.<br>\u2022 <strong>Realitzar\u00e0s les accions per facilitar la integraci\u00f3 de participants<\/strong> al projecte (Sol\u00b7licitants de protecci\u00f3 internacional, refugiats\/des i despla\u00e7ats a l&#039;Aeroport de Barajas).<br>\u2022 <strong>Atendr\u00e0s les demandes i peticions<\/strong> informaci\u00f3 dels participants.<br>\u2022 <strong>Gestionar\u00e0s i et coordinar\u00e0s amb entitats p\u00fabliques<\/strong> o privades, internes o externes lligades a lactivitat desenvolupada.<br>\u2022 <strong>Realitzar\u00e0s les gestions pr\u00f2pies de l&#039;\u00e0rea<\/strong> de pertinen\u00e7a seguint criteris indicats pels responsables.<br>\u2022 Elaborareu i gestionareu la documentaci\u00f3 de l&#039;activitat desenvolupada.<br>\u2022 Donar\u00e0 suport a l&#039;elaboraci\u00f3 d&#039;informes i mem\u00f2ries de l&#039;\u00e0rea d&#039;activitat<br>\u2022 Col\u00b7laborar\u00e0s en altres temes, ordinaris i\/o extraordinaris del lloc o organitzaci\u00f3.<br>\u2022 Coordinar\u00e0s amb els professionals de l&#039;equip i participar\u00e0s a reunions establertes.<\/p>\n\n\n\n<p><strong>Requisits<\/strong><\/p>\n\n\n\n<p>\u2022 Formaci\u00f3 Professional de Grau Superior (\u00e0rea sociocultural) i\/o Formaci\u00f3 de Mediaci\u00f3 Social Intercultural.<br>\u2022 Experi\u00e8ncia acreditada almenys de 6 mesos en intervenci\u00f3 amb persones immigrants, refugiats, persones sol\u00b7licitants d&#039;asil<br>\u2022 Experi\u00e8ncia en accions de mediaci\u00f3 social i sensibilitzaci\u00f3 intercultural.<br>\u2022 Nivell alt d&#039;idiomes, preferiblement angl\u00e8s i\/o franc\u00e8s i\/o \u00e0rab. Es far\u00e0 prova de nivell.<br>\u2022 Coneixements d&#039;inform\u00e0tica de nivell usuari.<\/p>\n\n\n\n<p><strong>Valorarem\u2026<\/strong><br>\u2022 Coneixement aplicaci\u00f3 S\u00cdRIA.<br>\u2022 Coneixements de la xarxa de serveis socials de la zona.<br>\u2022 Pert\u00e0nyer a algun dels col\u00b7lectius de poblaci\u00f3 vulnerable contemplats al pla d&#039;ocupaci\u00f3 de Creu Roja Espanyola.<br>\u2022 Estar en possessi\u00f3 de certificat de discapacitat.<\/p>\n\n\n\n<p><strong>S&#039;ofereix<\/strong><\/p>\n\n\n\n<p>\u2022 Contracte indefinit.<br>\u2022 Jornada de 35h setmanals<br>\u2022 Horari: Nit. Torn rotatiu de dilluns a diumenge de 21.00ha 07.00h<br>\u2022 Grup professional i Retribuci\u00f3 bruta anual: Grup3. Nivell 4.<br>\u2022 Retribuci\u00f3 bruta anual: 21.103,24\u20ac + plus de nocturnitat<br>\u2022 Per\u00edode de prova: l&#039;establert legalment.<br>\u2022 Centre de treball: Aeroport de Barajas<br>\u2022 Beneficis socials recollits al Conveni Creu Roja Comunitat de Madrid i certificat EFR.<\/p>\n\n\n\n<p>Pots<strong> inscriure&#039;t en aquesta oferta de treball<\/strong> per treballar com a mediador\/a fent<a href=\"https:\/\/es.jobrapido.com\/jobpreview\/292422076?utm_campaign=google_jobs_apply&amp;utm_source=google_jobs_apply&amp;utm_medium=organic\" data-type=\"URL\" data-id=\"https:\/\/es.jobrapido.com\/jobpreview\/292422076?utm_campaign=google_jobs_apply&amp;utm_source=google_jobs_apply&amp;utm_medium=organic\" rel=\"nofollow noopener\" target=\"_blank\"> <\/a><a href=\"https:\/\/cruzroja.epreselec.com\/Ofertas\/Ofertas.aspx?Id_Oferta=3086595\" target=\"_blank\" rel=\"noreferrer noopener nofollow\">clic aqu\u00ed<\/a>.<\/p>","protected":false},"excerpt":{"rendered":"<p>Noves ofertes de feina per a mediadors\/es socials: Mallorca i Madrid<\/p>","protected":false},"author":6,"featured_media":43742,"comment_status":"closed","ping_status":"closed","sticky":false,"template":"","format":"standard","meta":{"inline_featured_image":false,"footnotes":""},"categories":[161,25,27],"tags":[],"class_list":["post-43746","post","type-post","status-publish","format-standard","has-post-thumbnail","hentry","category-ofertas-laborales","category-ser-mediador","category-noticias-de-mediacion"],"_links":{"self":[{"href":"https:\/\/eimediacion.edu.es\/cat\/wp-json\/wp\/v2\/posts\/43746","targetHints":{"allow":["GET"]}}],"collection":[{"href":"https:\/\/eimediacion.edu.es\/cat\/wp-json\/wp\/v2\/posts"}],"about":[{"href":"https:\/\/eimediacion.edu.es\/cat\/wp-json\/wp\/v2\/types\/post"}],"author":[{"embeddable":true,"href":"https:\/\/eimediacion.edu.es\/cat\/wp-json\/wp\/v2\/users\/6"}],"replies":[{"embeddable":true,"href":"https:\/\/eimediacion.edu.es\/cat\/wp-json\/wp\/v2\/comments?post=43746"}],"version-history":[{"count":1,"href":"https:\/\/eimediacion.edu.es\/cat\/wp-json\/wp\/v2\/posts\/43746\/revisions"}],"predecessor-version":[{"id":43747,"href":"https:\/\/eimediacion.edu.es\/cat\/wp-json\/wp\/v2\/posts\/43746\/revisions\/43747"}],"wp:featuredmedia":[{"embeddable":true,"href":"https:\/\/eimediacion.edu.es\/cat\/wp-json\/wp\/v2\/media\/43742"}],"wp:attachment":[{"href":"https:\/\/eimediacion.edu.es\/cat\/wp-json\/wp\/v2\/media?parent=43746"}],"wp:term":[{"taxonomy":"category","embeddable":true,"href":"https:\/\/eimediacion.edu.es\/cat\/wp-json\/wp\/v2\/categories?post=43746"},{"taxonomy":"post_tag","embeddable":true,"href":"https:\/\/eimediacion.edu.es\/cat\/wp-json\/wp\/v2\/tags?post=43746"}],"curies":[{"name":"wp","href":"https:\/\/api.w.org\/{rel}","templated":true}]}}