{"id":43380,"date":"2024-08-21T11:48:35","date_gmt":"2024-08-21T09:48:35","guid":{"rendered":"https:\/\/eimediacion.edu.es\/?p=43380"},"modified":"2024-10-25T09:08:44","modified_gmt":"2024-10-25T07:08:44","slug":"metodo-montessori","status":"publish","type":"post","link":"https:\/\/eimediacion.edu.es\/cat\/noticias-eim-menores\/metodo-montessori\/","title":{"rendered":"Ressenya article: Elena, S. (2024, 30 de maig). M\u00e8tode Montessori i disciplina positiva, un bon t\u00e0ndem que posa el nen al centre de la crian\u00e7a. EL PA\u00cdS"},"content":{"rendered":"<p>Com a experts en Intervenci\u00f3 amb Menors i Mediaci\u00f3, sempre estem buscant nous punts de vista, estudis i, en general, tot tipus de contingut professional que pugui ser de l&#039;inter\u00e8s de la nostra comunitat. En aquesta ocasi\u00f3, no vol\u00edem deixar passar l&#039;oportunitat de comentar amb vosaltres aquest article trobat al diari digital <em>El Pa\u00eds<\/em>, en qu\u00e8 s&#039;aborda a la <strong>Metodologia Montessori i la disciplina positiva com la combinaci\u00f3 perfecta<\/strong> per a una <a href=\"https:\/\/eimediacion.edu.es\/cat\/ser-mediador\/noticias-escuela-mediacion\/la-alta-conflictividad-parental\/\" target=\"_blank\" rel=\"noreferrer noopener\">crian\u00e7a constructiva<\/a>, on el menor \u00e9s el protagonista del seu propi desenvolupament. <\/p>\n\n\n\n<p>El seg\u00fcent article de <em>El Pa\u00eds<\/em> ressalta l&#039;efectivitat de combinar el M\u00e8tode Montessori i la disciplina positiva, una combinaci\u00f3 que tamb\u00e9 pot ser summament beneficiosa en el camp de la intervenci\u00f3 amb menors. Al <strong>posar el nen al centre del seu propi proc\u00e9s de desenvolupament<\/strong>Aquests enfocaments fomenten un creixement integral que abasta tant l&#039;aspecte acad\u00e8mic com el socioemocional. Per als professionals en aquest \u00e0mbit, adoptar i adaptar aquests m\u00e8todes pot marcar una gran difer\u00e8ncia en la vida dels nens amb qu\u00e8 treballen.<\/p>\n\n\n\n<h2 class=\"wp-block-heading\">El M\u00e8tode Montessori, pioner ahir i avui en el desenvolupament infantil<\/h2>\n\n\n\n<p>Creat per <strong>Maria Montessori a finals del segle XIX<\/strong>, s&#039;enfoca a l&#039;autonomia del nen, utilitzant un \u00abambient preparat\u00bb i materials espec\u00edfics per promoure l&#039;aprenentatge sensorial i intel\u00b7lectual. El rol de l&#039;adult \u00e9s ser un guia que f<strong>acilita la connexi\u00f3 del nen<\/strong> amb el seu entorn per a l&#039;aprenentatge, especialment a les etapes de 0 a 6 anys (aprenentatge sensorial) i de 6 a 12 anys (aprenentatge intel\u00b7lectual). <\/p>\n\n\n\n<p>Els materials Montessori s\u00f3n essencials en el proc\u00e9s d&#039;aprenentatge, tot i que l&#039;experta Beatriz M. Mu\u00f1oz assenyala que no cal adquirir-ne tots, ja que molts objectes quotidians poden complir aquesta funci\u00f3.<\/p>\n\n\n\n<h2 class=\"wp-block-heading\">Pel que fa a la disciplina positiva, aquest article, destaca els punts seg\u00fcents<\/h2>\n\n\n\n<p><strong>Basada en les teories d&#039;Alfred Adler<\/strong>, s&#039;enfoca a fomentar el respecte i la cooperaci\u00f3, entenent el mal comportament com un senyal de necessitats no satisfetes. L&#039;adult en aquest enfocament actua com un acompanyant en la resoluci\u00f3 de conflictes, promovent la creaci\u00f3 de recursos concrets que afavoreixin l&#039;aprenentatge i l&#039;empatia. Busca que els nens desenvolupin una alta autoestima, confian\u00e7a en les seves capacitats i un sentit de pertinen\u00e7a.<\/p>\n\n\n\n<p>I tu? Has llegit aquest post? Quines conclusions treus? Et llegim!<\/p>","protected":false},"excerpt":{"rendered":"<p>Com a experts en Intervenci\u00f3 amb Menors i Mediaci\u00f3, sempre estem buscant nous punts de vista, estudis i, en general, tot tipus de contingut professional que pugui ser de l&#039;inter\u00e8s de la nostra comunitat. En aquesta ocasi\u00f3, no vol\u00edem deixar passar l&#039;oportunitat de comentar amb vosaltres aquest article trobat\u2026 <a title=\"Ressenya article: Elena, S. (2024, 30 de maig). M\u00e8tode Montessori i disciplina positiva, un bon t\u00e0ndem que posa el nen al centre de la crian\u00e7a. EL PA\u00cdS\" class=\"read-more\" href=\"https:\/\/eimediacion.edu.es\/cat\/noticias-eim-menores\/metodo-montessori\/\" aria-label=\"M\u00e9s informaci\u00f3 sobre Ressenya article: Elena, S. (2024, 30 de maig). M\u00e8tode Montessori i disciplina positiva, un bon t\u00e0ndem que posa el nen al centre de la crian\u00e7a. EL PA\u00cdS\">Llegir m\u00e9s<\/a><\/p>","protected":false},"author":6,"featured_media":43382,"comment_status":"closed","ping_status":"closed","sticky":false,"template":"","format":"standard","meta":{"inline_featured_image":false,"footnotes":""},"categories":[222],"tags":[],"class_list":["post-43380","post","type-post","status-publish","format-standard","has-post-thumbnail","hentry","category-noticias-eim-menores"],"_links":{"self":[{"href":"https:\/\/eimediacion.edu.es\/cat\/wp-json\/wp\/v2\/posts\/43380","targetHints":{"allow":["GET"]}}],"collection":[{"href":"https:\/\/eimediacion.edu.es\/cat\/wp-json\/wp\/v2\/posts"}],"about":[{"href":"https:\/\/eimediacion.edu.es\/cat\/wp-json\/wp\/v2\/types\/post"}],"author":[{"embeddable":true,"href":"https:\/\/eimediacion.edu.es\/cat\/wp-json\/wp\/v2\/users\/6"}],"replies":[{"embeddable":true,"href":"https:\/\/eimediacion.edu.es\/cat\/wp-json\/wp\/v2\/comments?post=43380"}],"version-history":[{"count":1,"href":"https:\/\/eimediacion.edu.es\/cat\/wp-json\/wp\/v2\/posts\/43380\/revisions"}],"predecessor-version":[{"id":43381,"href":"https:\/\/eimediacion.edu.es\/cat\/wp-json\/wp\/v2\/posts\/43380\/revisions\/43381"}],"wp:featuredmedia":[{"embeddable":true,"href":"https:\/\/eimediacion.edu.es\/cat\/wp-json\/wp\/v2\/media\/43382"}],"wp:attachment":[{"href":"https:\/\/eimediacion.edu.es\/cat\/wp-json\/wp\/v2\/media?parent=43380"}],"wp:term":[{"taxonomy":"category","embeddable":true,"href":"https:\/\/eimediacion.edu.es\/cat\/wp-json\/wp\/v2\/categories?post=43380"},{"taxonomy":"post_tag","embeddable":true,"href":"https:\/\/eimediacion.edu.es\/cat\/wp-json\/wp\/v2\/tags?post=43380"}],"curies":[{"name":"wp","href":"https:\/\/api.w.org\/{rel}","templated":true}]}}