{"id":42555,"date":"2024-01-18T17:35:59","date_gmt":"2024-01-18T16:35:59","guid":{"rendered":"https:\/\/eimediacion.edu.es\/?p=42555"},"modified":"2024-01-18T17:36:09","modified_gmt":"2024-01-18T16:36:09","slug":"septiemb","status":"publish","type":"post","link":"https:\/\/eimediacion.edu.es\/cat\/ser-mediador\/ofertas-trabajo-mediacion\/septiemb\/","title":{"rendered":"Ofertes de feina en mediaci\u00f3 del 15 al 21 de setembre"},"content":{"rendered":"<figure class=\"wp-block-image size-full\"><img loading=\"lazy\" decoding=\"async\" width=\"1024\" height=\"153\" src=\"https:\/\/eimediacion.edu.es\/wp-content\/uploads\/2021\/05\/ofertas-de-empleo-1024x153-1.jpg\" alt=\"\" class=\"wp-image-25526\" title=\"\" srcset=\"https:\/\/eimediacion.edu.es\/wp-content\/uploads\/2021\/05\/ofertas-de-empleo-1024x153-1.jpg 1024w, https:\/\/eimediacion.edu.es\/wp-content\/uploads\/2021\/05\/ofertas-de-empleo-1024x153-1-376x56.jpg 376w, https:\/\/eimediacion.edu.es\/wp-content\/uploads\/2021\/05\/ofertas-de-empleo-1024x153-1-768x115.jpg 768w, https:\/\/eimediacion.edu.es\/wp-content\/uploads\/2021\/05\/ofertas-de-empleo-1024x153-1-678x101.jpg 678w\" sizes=\"auto, (max-width: 1024px) 100vw, 1024px\" \/><\/figure>\n\n\n\n<h2 class=\"wp-block-heading\" id=\"mediador-a-social-en-madrid\"><strong>Ocupaci\u00f3 mediador\/a intercultural a M\u00e0laga. <\/strong><\/h2>\n\n\n\n<p><strong>Descripci\u00f3 del lloc<\/strong><\/p>\n\n\n\n<p>Es busca mediador\/a intercultural a M\u00e0laga.   <\/p>\n\n\n\n<p><strong>Funcions<\/strong><\/p>\n\n\n\n<ul class=\"wp-block-list\">\n<li>Planificar els plans dacci\u00f3 per resoldre els conflictes que sorgeixin.<\/li>\n\n\n\n<li>Implementaci\u00f3 de les accions en temps i format adequat.<\/li>\n\n\n\n<li>Avaluaci\u00f3 d&#039;activitats plantejades i realitzades ajudant-nos d&#039;informes espec\u00edfics per implementar-ne millors.<\/li>\n<\/ul>\n\n\n\n<p><strong>Requisits<\/strong><\/p>\n\n\n\n<ul class=\"wp-block-list\">\n<li>Formaci\u00f3 en mediaci\u00f3 intercultural (amb tem\u00e0tica sobre drets humans)<\/li>\n\n\n\n<li>Qualitats sobre habilitats de servei al client, honestedat i orientaci\u00f3 al treball en equip.<\/li>\n\n\n\n<li>Comptar amb Batxillerat o semblant.<\/li>\n<\/ul>\n\n\n\n<p>Pots<strong> inscriure&#039;t en aquesta oferta de treball<\/strong> per treballar com a mediador\/a fent<a href=\"https:\/\/es.jobrapido.com\/jobpreview\/292422076?utm_campaign=google_jobs_apply&amp;utm_source=google_jobs_apply&amp;utm_medium=organic\" data-type=\"URL\" data-id=\"https:\/\/es.jobrapido.com\/jobpreview\/292422076?utm_campaign=google_jobs_apply&amp;utm_source=google_jobs_apply&amp;utm_medium=organic\" rel=\"nofollow noopener\" target=\"_blank\"> <\/a><a href=\"https:\/\/es.trabajo.org\/oferta-1316-20240114-a5c6cb8a933de33026b5734565a5e64a\" data-type=\"link\" data-id=\"https:\/\/es.trabajo.org\/oferta-1316-20240114-a5c6cb8a933de33026b5734565a5e64a\" rel=\"nofollow noopener\" target=\"_blank\">clic aqu\u00ed.<\/a><\/p>\n\n\n\n<figure class=\"wp-block-image size-full\"><img loading=\"lazy\" decoding=\"async\" width=\"1024\" height=\"153\" src=\"https:\/\/eimediacion.edu.es\/wp-content\/uploads\/2021\/05\/ofertas-de-empleo-1024x153-1.jpg\" alt=\"Descubre las \u00faltimas ofertas de empleo de mediaci\u00f3n.\" class=\"wp-image-25526\" title=\"\" srcset=\"https:\/\/eimediacion.edu.es\/wp-content\/uploads\/2021\/05\/ofertas-de-empleo-1024x153-1.jpg 1024w, https:\/\/eimediacion.edu.es\/wp-content\/uploads\/2021\/05\/ofertas-de-empleo-1024x153-1-376x56.jpg 376w, https:\/\/eimediacion.edu.es\/wp-content\/uploads\/2021\/05\/ofertas-de-empleo-1024x153-1-768x115.jpg 768w, https:\/\/eimediacion.edu.es\/wp-content\/uploads\/2021\/05\/ofertas-de-empleo-1024x153-1-678x101.jpg 678w\" sizes=\"auto, (max-width: 1024px) 100vw, 1024px\" \/><\/figure>\n\n\n\n<h2 class=\"wp-block-heading\" id=\"mediador-a-social-en-madrid\"><strong>Ocupaci\u00f3 mediador\/a a Ja\u00e9n.<\/strong><\/h2>\n\n\n\n<p><strong>Descripci\u00f3 del lloc<\/strong><\/p>\n\n\n\n<p>Es busquen 1 mediador\/a a Ja\u00e9n.    <\/p>\n\n\n\n<p><strong>Funcions<\/strong><\/p>\n\n\n\n<ul class=\"wp-block-list\">\n<li>Elaborar l&#039;itinerari d&#039;inserci\u00f3 laboral i el seguiment individual posterior. Orientaci\u00f3 sobre accions preformatives, formatives i laborals adequades a cada persona.<\/li>\n\n\n\n<li>Programar i realitzar tallers prelaborals per millorar les habilitats personals de cada beneficiari\/\u00e0ria.<\/li>\n\n\n\n<li>Gestionar les ajudes econ\u00f2miques vinculades al programa docupaci\u00f3 i el control pressupostari del projecte.<\/li>\n\n\n\n<li>Establir xarxes amb el teixit associatiu empresarial per a possibles prospeccions i intermediacions.<\/li>\n\n\n\n<li>Acompanyament a la persona benefici\u00e0ria despr\u00e9s de la inserci\u00f3 sociolaboral per assegurar el manteniment de locupaci\u00f3. Cerca de recursos de formaci\u00f3 i ocupaci\u00f3.<\/li>\n<\/ul>\n\n\n\n<p><strong>Requisits<\/strong><\/p>\n\n\n\n<ul class=\"wp-block-list\">\n<li>Formaci\u00f3 professional d&#039;\u00e0mbit social.<\/li>\n\n\n\n<li>Experi\u00e8ncia amb col\u00b7lectius vulnerables.<\/li>\n\n\n\n<li>Disponibilitat per a incorporaci\u00f3 immediata.<\/li>\n\n\n\n<li>Capacitat per analitzar i resoldre problemes a m\u00e9s de comptar amb iniciativa i autonomia.<\/li>\n<\/ul>\n\n\n\n<p>Pots<strong> inscriure&#039;t en aquesta oferta de treball<\/strong> per treballar com a mediador\/a fent<a href=\"https:\/\/www.kitempleo.es\/empleo\/57621253\/vhv-064-mediadores-culturales-museo-guetaria\/?utm_campaign=google_jobs_apply&amp;utm_source=google_jobs_apply&amp;utm_medium=organic\" data-type=\"URL\" data-id=\"https:\/\/www.kitempleo.es\/empleo\/57621253\/vhv-064-mediadores-culturales-museo-guetaria\/?utm_campaign=google_jobs_apply&amp;utm_source=google_jobs_apply&amp;utm_medium=organic\" target=\"_blank\" rel=\"noreferrer noopener nofollow\"> <\/a><a href=\"https:\/\/es.indeed.com\/viewjob?jk=8c711bebe10bf391&amp;utm_campaign=google_jobs_apply&amp;utm_source=google_jobs_apply&amp;utm_medium=organic\" data-type=\"link\" data-id=\"https:\/\/es.indeed.com\/viewjob?jk=8c711bebe10bf391&amp;utm_campaign=google_jobs_apply&amp;utm_source=google_jobs_apply&amp;utm_medium=organic\" rel=\"nofollow noopener\" target=\"_blank\">clic aqu\u00ed.<\/a><\/p>\n\n\n\n<figure class=\"wp-block-image size-full\"><img loading=\"lazy\" decoding=\"async\" width=\"1024\" height=\"153\" src=\"https:\/\/eimediacion.edu.es\/wp-content\/uploads\/2021\/05\/ofertas-de-empleo-1024x153-1.jpg\" alt=\"Descubre las \u00faltimas ofertas de empleo de mediaci\u00f3n.\" class=\"wp-image-25526\" title=\"\" srcset=\"https:\/\/eimediacion.edu.es\/wp-content\/uploads\/2021\/05\/ofertas-de-empleo-1024x153-1.jpg 1024w, https:\/\/eimediacion.edu.es\/wp-content\/uploads\/2021\/05\/ofertas-de-empleo-1024x153-1-376x56.jpg 376w, https:\/\/eimediacion.edu.es\/wp-content\/uploads\/2021\/05\/ofertas-de-empleo-1024x153-1-768x115.jpg 768w, https:\/\/eimediacion.edu.es\/wp-content\/uploads\/2021\/05\/ofertas-de-empleo-1024x153-1-678x101.jpg 678w\" sizes=\"auto, (max-width: 1024px) 100vw, 1024px\" \/><\/figure>\n\n\n\n<h2 class=\"gb-headline gb-headline-e367f9ed gb-headline-text\"><strong>Ocupaci\u00f3 mediador\/a familiar a M\u00e0laga.<\/strong><\/h2>\n\n\n\n<p>Es necessita intervingut\/da familiar a M\u00e0laga.<\/p>\n\n\n\n<p><strong>Funcions<\/strong><\/p>\n\n\n\n<ul class=\"wp-block-list\">\n<li>Contribuir a l&#039;elaboraci\u00f3 del diagn\u00f2stic personal i social considerant els aspectes clau de la hist\u00f2ria personal i familiar, el proc\u00e9s migratori, les claus socioculturals del pa\u00eds d&#039;origen, documentaci\u00f3, antecedents formatius.<\/li>\n\n\n\n<li>Col\u00b7laborar amb els centres educatius de M\u00e0laga en interpretaci\u00f3 ling\u00fc\u00edstica, la planificaci\u00f3 i desenvolupament de la valoraci\u00f3 i atenci\u00f3 a l&#039;alumnat i fam\u00edlies immigrants i d&#039;origen immigrant inscrites al programa.<\/li>\n\n\n\n<li>Contribuir a l&#039;elaboraci\u00f3 de les eines i les mem\u00f2ries interm\u00e8dies i finals dels programes de l&#039;entitat.<\/li>\n<\/ul>\n\n\n\n<p><strong>Requisits<\/strong><\/p>\n\n\n\n<ul class=\"wp-block-list\">\n<li>Experi\u00e8ncia professional: De 1 a 3 anys de treball amb persones immigrants dins l\u00e0mbit socioeducatiu<\/li>\n\n\n\n<li>Estudis: Titulaci\u00f3 de t\u00e8cnic\/a superior d&#039;integraci\u00f3 social o titulaci\u00f3 universit\u00e0ria o similar<\/li>\n\n\n\n<li>IMPRESCINDIBLE: domini dels seg\u00fcents idiomes: castell\u00e0 i \u00e0rab \u201cDariya\u201d (nivell biling\u00fce en ambd\u00f3s idiomes)<\/li>\n\n\n\n<li>Disponibilitat per a mobilitat geogr\u00e0fica dins de la prov\u00edncia de M\u00e0laga<\/li>\n\n\n\n<li>Carnet de conduir i vehicle propi<\/li>\n<\/ul>\n\n\n\n<p><a href=\"https:\/\/es.trabajo.bz\/view\/6926566.html?utm_campaign=google_jobs_apply&amp;utm_source=google_jobs_apply&amp;utm_medium=organic\" data-type=\"link\" data-id=\"https:\/\/es.trabajo.bz\/view\/6926566.html?utm_campaign=google_jobs_apply&amp;utm_source=google_jobs_apply&amp;utm_medium=organic\" rel=\"nofollow noopener\" target=\"_blank\">Inscriu-te aqu\u00ed.<\/a><\/p>","protected":false},"excerpt":{"rendered":"<p>No et perdis les nostres \u00faltimes ofertes de feina! Busquen professionals de la mediaci\u00f3 a M\u00e0laga i Ja\u00e9n.<\/p>","protected":false},"author":6,"featured_media":42566,"comment_status":"closed","ping_status":"closed","sticky":false,"template":"","format":"standard","meta":{"inline_featured_image":false,"footnotes":""},"categories":[28,25,1,161],"tags":[206,186],"class_list":["post-42555","post","type-post","status-publish","format-standard","has-post-thumbnail","hentry","category-ofertas-trabajo-mediacion","category-ser-mediador","category-noticias-escuela-mediacion","category-ofertas-laborales","tag-empleo","tag-mediacion"],"_links":{"self":[{"href":"https:\/\/eimediacion.edu.es\/cat\/wp-json\/wp\/v2\/posts\/42555","targetHints":{"allow":["GET"]}}],"collection":[{"href":"https:\/\/eimediacion.edu.es\/cat\/wp-json\/wp\/v2\/posts"}],"about":[{"href":"https:\/\/eimediacion.edu.es\/cat\/wp-json\/wp\/v2\/types\/post"}],"author":[{"embeddable":true,"href":"https:\/\/eimediacion.edu.es\/cat\/wp-json\/wp\/v2\/users\/6"}],"replies":[{"embeddable":true,"href":"https:\/\/eimediacion.edu.es\/cat\/wp-json\/wp\/v2\/comments?post=42555"}],"version-history":[{"count":0,"href":"https:\/\/eimediacion.edu.es\/cat\/wp-json\/wp\/v2\/posts\/42555\/revisions"}],"wp:featuredmedia":[{"embeddable":true,"href":"https:\/\/eimediacion.edu.es\/cat\/wp-json\/wp\/v2\/media\/42566"}],"wp:attachment":[{"href":"https:\/\/eimediacion.edu.es\/cat\/wp-json\/wp\/v2\/media?parent=42555"}],"wp:term":[{"taxonomy":"category","embeddable":true,"href":"https:\/\/eimediacion.edu.es\/cat\/wp-json\/wp\/v2\/categories?post=42555"},{"taxonomy":"post_tag","embeddable":true,"href":"https:\/\/eimediacion.edu.es\/cat\/wp-json\/wp\/v2\/tags?post=42555"}],"curies":[{"name":"wp","href":"https:\/\/api.w.org\/{rel}","templated":true}]}}