{"id":41228,"date":"2023-09-13T16:29:13","date_gmt":"2023-09-13T14:29:13","guid":{"rendered":"https:\/\/eimediacion.edu.es\/?p=41228"},"modified":"2023-09-13T16:29:19","modified_gmt":"2023-09-13T14:29:19","slug":"intercu","status":"publish","type":"post","link":"https:\/\/eimediacion.edu.es\/cat\/ser-mediador\/noticias-escuela-mediacion\/intercu\/","title":{"rendered":"Mediaci\u00f3 intercultural: Superant barreres en la comunicaci\u00f3 i l&#039;entesa"},"content":{"rendered":"<p>La mediaci\u00f3 intercultural \u00e9s un proc\u00e9s essencial en un m\u00f3n cada cop m\u00e9s globalitzat i divers. A mesura que les <strong>cultures s&#039;entrellacen<\/strong> i les persones de diferents or\u00edgens interactuen m\u00e9s freq\u00fcentment, sorgeix la necessitat de superar les barreres en la comunicaci\u00f3 i l&#039;entesa, on <strong>la mediaci\u00f3 intercultural<\/strong> exerceix un <strong>paper crucial<\/strong> en aquest context, en facilitar el di\u00e0leg i promoure l&#039;harmonia entre individus i comunitats de diverses cultures.<\/p>\n\n\n\n<p>La globalitzaci\u00f3, la migraci\u00f3 i les tecnologies de la comunicaci\u00f3 ens han acostat persones de diferents cultures i tradicions com mai abans. Tot i que aquesta diversitat cultural ens enriqueix en oferir una varietat de perspectives i experi\u00e8ncies noves, tamb\u00e9 pot donar lloc a <strong><a href=\"https:\/\/eimediacion.edu.es\/cat\/programas\/mediacion-intercultural\/\" data-type=\"URL\" data-id=\"https:\/\/eimediacion.edu.es\/programas\/mediacion-intercultural\/\">malentesos, prejudicis i conflictes<\/a><\/strong>. I \u00e9s aqu\u00ed on entra en joc la mediaci\u00f3 intercultural.<\/p>\n\n\n<div class=\"wp-block-image\">\n<figure class=\"aligncenter size-large is-resized\"><img loading=\"lazy\" decoding=\"async\" src=\"https:\/\/eimediacion.edu.es\/wp-content\/uploads\/2023\/09\/tolerancia-racial-respeta-unidad-social-manos-africanas-caucasicas-gesticulando-aislado-gris-1024x683.jpg\" alt=\"Tolerancia Racial Respeta Unidad Social Manos Africanas Caucasicas Gesticulando Aislado Gris\" class=\"wp-image-41229\" width=\"898\" height=\"599\" title=\"\" srcset=\"https:\/\/eimediacion.edu.es\/wp-content\/uploads\/2023\/09\/tolerancia-racial-respeta-unidad-social-manos-africanas-caucasicas-gesticulando-aislado-gris-1024x683.jpg 1024w, https:\/\/eimediacion.edu.es\/wp-content\/uploads\/2023\/09\/tolerancia-racial-respeta-unidad-social-manos-africanas-caucasicas-gesticulando-aislado-gris-261x174.jpg 261w, https:\/\/eimediacion.edu.es\/wp-content\/uploads\/2023\/09\/tolerancia-racial-respeta-unidad-social-manos-africanas-caucasicas-gesticulando-aislado-gris-768x512.jpg 768w, https:\/\/eimediacion.edu.es\/wp-content\/uploads\/2023\/09\/tolerancia-racial-respeta-unidad-social-manos-africanas-caucasicas-gesticulando-aislado-gris-1536x1024.jpg 1536w, https:\/\/eimediacion.edu.es\/wp-content\/uploads\/2023\/09\/tolerancia-racial-respeta-unidad-social-manos-africanas-caucasicas-gesticulando-aislado-gris.jpg 1728w\" sizes=\"auto, (max-width: 898px) 100vw, 898px\" \/><\/figure>\n<\/div>\n\n\n<p>La mediaci\u00f3 intercultural \u00e9s aquest instrument que cerca facilitar la comunicaci\u00f3 i l&#039;entesa entre persones o grups de diferents cultures, davant d&#039;una s\u00e8rie de barreres que de manera natural ens trobem. S\u00f3n aquestes:\u00a0<\/p>\n\n\n\n<h2 class=\"gb-headline gb-headline-1ff00d42 gb-headline-text\">Barreres a la mediaci\u00f3 intercultural<\/h2>\n\n\n\n<p><strong>El Llenguatge:<\/strong> Les difer\u00e8ncies ling\u00fc\u00edstiques poden portar a malentesos greus. Fins i tot quan les persones comparteixen un idioma, les interpretacions culturals de les paraules i les expressions poden variar significativament, pensin per exemples entre pa\u00efsos hispanoamericans.<\/p>\n\n\n\n<p>Tamb\u00e9 \u00e9s important con\u00e8ixer <strong>les normes socials i els costums<\/strong> ja que aquestes poden diferir \u00e0mpliament entre cultures. El que \u00e9s considerat respectu\u00f3s en una cultura pot ser percebut com a groller en una altra.<\/p>\n\n\n\n<p>Un altre aspecte s\u00f3n <strong>les creences religioses<\/strong>, els valors morals i les perspectives sobre temes com la fam\u00edlia, el g\u00e8nere i l&#039;autoritat poden ser font de conflictes si no es comprenen i es respecten adequadament.<\/p>\n\n\n<div class=\"wp-block-image\">\n<figure class=\"alignleft size-large is-resized\"><img loading=\"lazy\" decoding=\"async\" src=\"https:\/\/eimediacion.edu.es\/wp-content\/uploads\/2023\/09\/estudiantes-que-estudian-linea-traves-computadora-portatil-universidad-1024x684.jpg\" alt=\"Estudiantes Que Estudian Linea Traves Computadora Portatil Universidad\" class=\"wp-image-41231\" width=\"463\" height=\"309\" title=\"\" srcset=\"https:\/\/eimediacion.edu.es\/wp-content\/uploads\/2023\/09\/estudiantes-que-estudian-linea-traves-computadora-portatil-universidad-1024x684.jpg 1024w, https:\/\/eimediacion.edu.es\/wp-content\/uploads\/2023\/09\/estudiantes-que-estudian-linea-traves-computadora-portatil-universidad-261x174.jpg 261w, https:\/\/eimediacion.edu.es\/wp-content\/uploads\/2023\/09\/estudiantes-que-estudian-linea-traves-computadora-portatil-universidad-768x513.jpg 768w, https:\/\/eimediacion.edu.es\/wp-content\/uploads\/2023\/09\/estudiantes-que-estudian-linea-traves-computadora-portatil-universidad-1536x1025.jpg 1536w, https:\/\/eimediacion.edu.es\/wp-content\/uploads\/2023\/09\/estudiantes-que-estudian-linea-traves-computadora-portatil-universidad.jpg 1805w\" sizes=\"auto, (max-width: 463px) 100vw, 463px\" \/><\/figure>\n<\/div>\n\n\n<p>I finalment una cosa que li donem molta import\u00e0ncia als tallers de Mediaci\u00f3 intercultural de l&#039;Escola Internacional de Mediaci\u00f3: <strong><a href=\"https:\/\/www.becas-santander.com\/es\/blog\/comunicacion-verbal-y-no-verbal.html\" data-type=\"URL\" data-id=\"https:\/\/www.becas-santander.com\/es\/blog\/comunicacion-verbal-y-no-verbal.html\" rel=\"nofollow noopener\" target=\"_blank\">La comunicaci\u00f3 no verbal<\/a><\/strong>. Els gestos, la postura corporal i el contacte visual poden comunicar diversos significats en diferents cultures. Interpretar malament aquests signes pot portar malentesos, per\u00f2 fer-ho b\u00e9 ens pot obrir una finestra d&#039;oportunitat.<\/p>\n\n\n\n<p>Com veieu, la mediaci\u00f3 intercultural exerceix <strong>un paper crucial<\/strong> en la construcci\u00f3 de <strong>ponts<\/strong> de comunicaci\u00f3 i entesa en un m\u00f3n cada cop m\u00e9s divers. Superar les barreres en la comunicaci\u00f3 i la comprensi\u00f3 \u00e9s essencial per a l&#039;harmonia i la col\u00b7laboraci\u00f3 entre individus i comunitats de diferents cultures. En recon\u00e8ixer la import\u00e0ncia de la mediaci\u00f3 intercultural i fomentar-ne la pr\u00e0ctica, podem promoure la coexist\u00e8ncia pac\u00edfica i l&#039;enriquiment mutu en una societat diversa.<\/p>\n\n\n\n<p>Coneix tots els detalls sobre la mediaci\u00f3 al nostre <a href=\"https:\/\/eimediacion.edu.es\/cat\/programas\/master-en-mediacion\/\" data-type=\"URL\" data-id=\"https:\/\/eimediacion.edu.es\/programas\/master-en-mediacion\/\">M\u00e0ster en Mediaci\u00f3 i Gesti\u00f3 de Conflictes Multidisciplinaris<\/a>. Reserva i no et quedis sense pla\u00e7a.<\/p>","protected":false},"excerpt":{"rendered":"<p>La mediaci\u00f3 intercultural \u00e9s un proc\u00e9s essencial en un m\u00f3n cada cop m\u00e9s globalitzat i divers. A mesura que les cultures s&#039;entrellacen i les persones de diferents or\u00edgens interactuen m\u00e9s freq\u00fcentment, sorgeix la necessitat de superar les barreres en la comunicaci\u00f3 i l&#039;entesa, on la mediaci\u00f3 intercultural t\u00e9 un paper crucial en aquest context en facilitar el di\u00e0leg i promoure l&#039;harmonia entre individus i comunitats de diverses cultures.<\/p>","protected":false},"author":33,"featured_media":41240,"comment_status":"closed","ping_status":"closed","sticky":false,"template":"","format":"standard","meta":{"inline_featured_image":false,"footnotes":""},"categories":[1,25],"tags":[311],"class_list":["post-41228","post","type-post","status-publish","format-standard","has-post-thumbnail","hentry","category-noticias-escuela-mediacion","category-ser-mediador","tag-mediacion-intercultural"],"_links":{"self":[{"href":"https:\/\/eimediacion.edu.es\/cat\/wp-json\/wp\/v2\/posts\/41228","targetHints":{"allow":["GET"]}}],"collection":[{"href":"https:\/\/eimediacion.edu.es\/cat\/wp-json\/wp\/v2\/posts"}],"about":[{"href":"https:\/\/eimediacion.edu.es\/cat\/wp-json\/wp\/v2\/types\/post"}],"author":[{"embeddable":true,"href":"https:\/\/eimediacion.edu.es\/cat\/wp-json\/wp\/v2\/users\/33"}],"replies":[{"embeddable":true,"href":"https:\/\/eimediacion.edu.es\/cat\/wp-json\/wp\/v2\/comments?post=41228"}],"version-history":[{"count":0,"href":"https:\/\/eimediacion.edu.es\/cat\/wp-json\/wp\/v2\/posts\/41228\/revisions"}],"wp:featuredmedia":[{"embeddable":true,"href":"https:\/\/eimediacion.edu.es\/cat\/wp-json\/wp\/v2\/media\/41240"}],"wp:attachment":[{"href":"https:\/\/eimediacion.edu.es\/cat\/wp-json\/wp\/v2\/media?parent=41228"}],"wp:term":[{"taxonomy":"category","embeddable":true,"href":"https:\/\/eimediacion.edu.es\/cat\/wp-json\/wp\/v2\/categories?post=41228"},{"taxonomy":"post_tag","embeddable":true,"href":"https:\/\/eimediacion.edu.es\/cat\/wp-json\/wp\/v2\/tags?post=41228"}],"curies":[{"name":"wp","href":"https:\/\/api.w.org\/{rel}","templated":true}]}}