{"id":40974,"date":"2023-08-16T14:21:14","date_gmt":"2023-08-16T12:21:14","guid":{"rendered":"https:\/\/eimediacion.edu.es\/?p=40974"},"modified":"2023-08-16T14:24:19","modified_gmt":"2023-08-16T12:24:19","slug":"eficacia-de-los-acuerdos-resultantes-de-una-mediacion-internacional","status":"publish","type":"post","link":"https:\/\/eimediacion.edu.es\/cat\/ser-mediador\/noticias-escuela-mediacion\/eficacia-de-los-acuerdos-resultantes-de-una-mediacion-internacional\/","title":{"rendered":"Efic\u00e0cia dels acords resultants duna mediaci\u00f3 internacional"},"content":{"rendered":"<p>Perqu\u00e8 la mediaci\u00f3 triomfi en l&#039;\u00e0mbit internacional, \u00e9s fonamental assegurar als operadors que l&#039;acord de transacci\u00f3 resultant d&#039;aquest proc\u00e9s tindr\u00e0 efectes plens i es podr\u00e0 executar en qualsevol Estat del M\u00f3n.<\/p>\n\n\n\n<p>En aquest sentit, recentment he publicat un article titulat \u201cEfic\u00e0cia dels acords resultants de la mediaci\u00f3 internacional\u201d, a <a href=\"https:\/\/www.revista-redi.es\/redi\/article\/view\/61\" rel=\"nofollow noopener\" target=\"_blank\">acc\u00e9s obert<\/a> a la <em>Revista Espanyola de Dret Internacional<\/em>, que feia 75 anys amb una renovaci\u00f3 de la seva imatge, i que em va donar l&#039;immens honor d&#039;obrir el n\u00famero. Resumeixo aqu\u00ed les conclusions principals de l&#039;article, amb el meu agra\u00efment a l&#039;Escola Internacional de Mediaci\u00f3 per donar-me aquest espai.<\/p>\n\n\n\n<h2 class=\"gb-headline gb-headline-aea2bd50 gb-headline-text\"><strong>Quin \u00e9s el punt de partida per garantir l&#039;efic\u00e0cia dels acords resultants de la mediaci\u00f3 internacional?<\/strong><\/h2>\n\n\n\n<p>Un mateix acord de transacci\u00f3 resultant de la mediaci\u00f3 internacional es pot recon\u00e8ixer i executar en altres estats com un pacte contingut en un document privat o com un document p\u00fablic, si es procedeix a la seva elevaci\u00f3 a t\u00edtol p\u00fablic oa una homologaci\u00f3 judicial.<\/p>\n\n\n\n<figure class=\"wp-block-image size-large is-resized\"><img loading=\"lazy\" decoding=\"async\" src=\"https:\/\/eimediacion.edu.es\/wp-content\/uploads\/2023\/08\/abogado-muestra-donde-debe-firmar-certificado-divorcio-1024x683.jpg\" alt=\"Abogado Muestra Donde Debe Firmar Certificado Divorcio\" class=\"wp-image-40975\" width=\"927\" height=\"618\" title=\"\" srcset=\"https:\/\/eimediacion.edu.es\/wp-content\/uploads\/2023\/08\/abogado-muestra-donde-debe-firmar-certificado-divorcio-1024x683.jpg 1024w, https:\/\/eimediacion.edu.es\/wp-content\/uploads\/2023\/08\/abogado-muestra-donde-debe-firmar-certificado-divorcio-261x174.jpg 261w, https:\/\/eimediacion.edu.es\/wp-content\/uploads\/2023\/08\/abogado-muestra-donde-debe-firmar-certificado-divorcio-768x513.jpg 768w, https:\/\/eimediacion.edu.es\/wp-content\/uploads\/2023\/08\/abogado-muestra-donde-debe-firmar-certificado-divorcio-1536x1025.jpg 1536w, https:\/\/eimediacion.edu.es\/wp-content\/uploads\/2023\/08\/abogado-muestra-donde-debe-firmar-certificado-divorcio.jpg 1840w\" sizes=\"auto, (max-width: 927px) 100vw, 927px\" \/><\/figure>\n\n\n\n<h2 class=\"gb-headline gb-headline-d036f987 gb-headline-text\"><strong>El model UE: l&#039;acord com a document p\u00fablic<\/strong><\/h2>\n\n\n\n<p>A la UE, la <a href=\"https:\/\/eur-lex.europa.eu\/ES\/legal-content\/summary\/mediation-in-civil-and-commercial-matters.html\" rel=\"nofollow noopener\" target=\"_blank\">Directiva 2008\/52 del Parlament Europeu i del Consell, de 21 de maig de 2008, sobre certs aspectes de la mediaci\u00f3 en assumptes civils i mercantils<\/a>, va suposar un aven\u00e7 extraordinari. S&#039;hi va deixar molt clar que l&#039;acord resultant de la mediaci\u00f3 havia de ser elevat a instrument p\u00fablic o homologat judicialment, perqu\u00e8 pogu\u00e9s ser executat a qualsevol Estat membre de la UE.<\/p>\n\n\n\n<p>A partir d&#039;aquesta premissa, a l&#039;acord resultant de la mediaci\u00f3 elevat a document p\u00fablic per l&#039;autoritat d&#039;un Estat membre de la UE se li aplicar\u00e0 la normativa de la UE de dret internacional privat, si es vol executar en un altre Estat membre. &nbsp;<\/p>\n\n\n\n<p>Aquesta execuci\u00f3 implica b\u00e0sicament complir uns requisits m\u00ednims: que el document no vulneri lordre p\u00fablic de lEstat de destinaci\u00f3 i que tingui efecte executiu a lEstat dorigen.<\/p>\n\n\n\n<p>Aix\u00f2 vol dir que, en el moment d&#039;execuci\u00f3 en un altre Estat membre, no cal entrar en la validesa jur\u00eddica de l&#039;acte (capacitat, consentiment, contingut). No en va, es presumeix que aquests aspectes es van controlar al moment d&#039;elevaci\u00f3 a t\u00edtol p\u00fablic per l&#039;autoritat de l&#039;Estat membre d&#039;origen (principi de confian\u00e7a comunit\u00e0ria).<\/p>\n\n\n\n<p>En tot cas, a la normativa de la UE s&#039;aprecia alguna debilitat. L&#039;acord ser\u00e0 substitutiu d&#039;una resoluci\u00f3 judicial? Al meu parer la resposta ha de ser totalment afirmativa. Per aix\u00f2, ha de tenir efecte de cosa jutjada i impedir tornar sobre la disputa en un proc\u00e9s judicial posterior. L&#039;\u00fanica excepci\u00f3 seria precisament que es discuteixi judicialment l&#039;anul\u00b7laci\u00f3 de l&#039;acord.<\/p>\n\n\n\n<p>Aquest principi no est\u00e0 previst a la normativa de la UE, \u00fanicament centrat en l&#039;efecte executiu del document p\u00fablic, per\u00f2 no en el possible efecte de cosa jutjada. Cal fer-ne una excepci\u00f3 per als acords de mediaci\u00f3 internacional en mat\u00e8ria de crisis matrimonials i responsabilitat parental. En efecte, el <a href=\"https:\/\/eur-lex.europa.eu\/legal-content\/ES\/TXT\/?uri=CELEX%3A32019R1111\" rel=\"nofollow noopener\" target=\"_blank\">Reglament (UE) 2019\/1111<\/a> regula el reconeixement de tots els efectes dels documents p\u00fablics \u2013no nom\u00e9s l&#039;efecte executiu\u2013.<\/p>\n\n\n\n<p>A m\u00e9s, aquest Reglament obliga, en el moment del reconeixement i l&#039;execuci\u00f3, a comprovar que l&#039;autoritat expedidora del t\u00edtol tindria una compet\u00e8ncia equivalent a la dels tribunals. El raonament \u00e9s molt l\u00f2gic: si l\u201facord de mediaci\u00f3 substitueix una sent\u00e8ncia, ha de provenir d\u201fun Estat d\u201forigen del qual proveniria una resoluci\u00f3 judicial.<\/p>\n\n\n\n<figure class=\"wp-block-image size-large\"><img loading=\"lazy\" decoding=\"async\" width=\"1024\" height=\"683\" src=\"https:\/\/eimediacion.edu.es\/wp-content\/uploads\/2023\/08\/foto-vista-lateral-apreton-manos-dos-hombres-al-aire-libre-1024x683.jpg\" alt=\"Foto Vista Lateral Apreton Manos Dos Hombres Al Aire Libre\" class=\"wp-image-40976\" title=\"\" srcset=\"https:\/\/eimediacion.edu.es\/wp-content\/uploads\/2023\/08\/foto-vista-lateral-apreton-manos-dos-hombres-al-aire-libre-1024x683.jpg 1024w, https:\/\/eimediacion.edu.es\/wp-content\/uploads\/2023\/08\/foto-vista-lateral-apreton-manos-dos-hombres-al-aire-libre-261x174.jpg 261w, https:\/\/eimediacion.edu.es\/wp-content\/uploads\/2023\/08\/foto-vista-lateral-apreton-manos-dos-hombres-al-aire-libre-768x512.jpg 768w, https:\/\/eimediacion.edu.es\/wp-content\/uploads\/2023\/08\/foto-vista-lateral-apreton-manos-dos-hombres-al-aire-libre-1536x1024.jpg 1536w, https:\/\/eimediacion.edu.es\/wp-content\/uploads\/2023\/08\/foto-vista-lateral-apreton-manos-dos-hombres-al-aire-libre.jpg 1680w\" sizes=\"auto, (max-width: 1024px) 100vw, 1024px\" \/><\/figure>\n\n\n\n<h2 class=\"gb-headline gb-headline-ccb52e6a gb-headline-text\"><strong>El model d&#039;UNCITRAL: l&#039;acord com a document privat<\/strong><\/h2>\n\n\n\n<p>Al model de la Comissi\u00f3 de Nacions Unides per al Dret Mercantil Internacional (UNCITRAL en les sigles en angl\u00e8s), els efectes de l&#039;acord de mediaci\u00f3 s&#039;atribueixen com a document privat, sense intervenci\u00f3 d&#039;autoritat que l&#039;elevi a document p\u00fablic. Aix\u00ed ho proposa la <a href=\"https:\/\/uncitral.un.org\/sites\/uncitral.un.org\/files\/media-documents\/uncitral\/es\/mediation_convention_s.pdf\" rel=\"nofollow noopener\" target=\"_blank\">Convenci\u00f3 de les Nacions Unides sobre els acords de transacci\u00f3 internacionals resultants de la Mediaci\u00f3<\/a>, de 20 de desembre de 2018, obert a la signatura a Singapur, el 7 d&#039;agost de 2019 (d&#039;ara endavant Convenci\u00f3 de Singapur). Tamb\u00e9 \u00e9s la proposta de la <a href=\"https:\/\/uncitral.un.org\/es\/texts\/mediation\/modellaw\/commercial_conciliation\" rel=\"nofollow noopener\" target=\"_blank\">Llei Model de mediaci\u00f3 comercial internacional<\/a>.<\/p>\n\n\n\n<p>L&#039;abs\u00e8ncia d&#039;intervenci\u00f3 d&#039;autoritat p\u00fablica en el moment de formalitzaci\u00f3 de l&#039;acord justifica que, en el moment del reconeixement i l&#039;execuci\u00f3 en un Estat, es maximitzin els controls.<\/p>\n\n\n\n<p>Aix\u00ed, a la Convenci\u00f3 de Singapur, s&#039;estableixen controls sobre les parts, de manera que l&#039;acord no \u00e9s executable si es demostra la incapacitat d&#039;una de les parts. Tamb\u00e9 s&#039;hi articulen controls sobre el mediador. D&#039;aquesta manera, l&#039;acord no es reconeix si el mediador va inc\u00f3rrer en un greu incompliment sense el qual no s&#039;hagu\u00e9s fet l&#039;acord; o si no es van revelar conflictes d&#039;imparcialitat o independ\u00e8ncia i aix\u00f2 va repercutir de manera essencial en l&#039;acord o va exercir una influ\u00e8ncia sense la qual aquest acord no s&#039;hagu\u00e9s concertat.<\/p>\n\n\n\n<p>S&#039;articulen, a m\u00e9s, controls sobre el propi acord, que no es reconeix si: \u00e9s nul, inefica\u00e7 o de compliment legal impossible (segons la llei triada o la que es considera aplicable); o no \u00e9s vinculant, definitiu o ha estat posteriorment modificat; o el seu objecte ja ha estat complert o no \u00e9s clar o entenedor.<\/p>\n\n\n\n<p>Finalment, d&#039;ofici, sense necessitat que ho al\u00b7legui la part que s&#039;oposa a l&#039;execuci\u00f3, no es reconeix ni s&#039;executa l&#039;acord si \u00e9s contrari a l&#039;ordre p\u00fablic del pa\u00eds de destinaci\u00f3. Tampoc, si la difer\u00e8ncia no \u00e9s susceptible de resoldre&#039;s per mitj\u00e0 de la mediaci\u00f3 a l&#039;Estat de destinaci\u00f3.<\/p>\n\n\n\n<figure class=\"wp-block-image size-large\"><img loading=\"lazy\" decoding=\"async\" width=\"1024\" height=\"683\" src=\"https:\/\/eimediacion.edu.es\/wp-content\/uploads\/2023\/08\/edificio-parlamento-europeo-estrasburgo-francia-cielo-azul-claro-fondo-1024x683.jpg\" alt=\"Edificio Parlamento Europeo Estrasburgo Francia Cielo Azul Claro Fondo\" class=\"wp-image-40977\" title=\"\" srcset=\"https:\/\/eimediacion.edu.es\/wp-content\/uploads\/2023\/08\/edificio-parlamento-europeo-estrasburgo-francia-cielo-azul-claro-fondo-1024x683.jpg 1024w, https:\/\/eimediacion.edu.es\/wp-content\/uploads\/2023\/08\/edificio-parlamento-europeo-estrasburgo-francia-cielo-azul-claro-fondo-261x174.jpg 261w, https:\/\/eimediacion.edu.es\/wp-content\/uploads\/2023\/08\/edificio-parlamento-europeo-estrasburgo-francia-cielo-azul-claro-fondo-768x513.jpg 768w, https:\/\/eimediacion.edu.es\/wp-content\/uploads\/2023\/08\/edificio-parlamento-europeo-estrasburgo-francia-cielo-azul-claro-fondo-1536x1025.jpg 1536w, https:\/\/eimediacion.edu.es\/wp-content\/uploads\/2023\/08\/edificio-parlamento-europeo-estrasburgo-francia-cielo-azul-claro-fondo.jpg 1783w\" sizes=\"auto, (max-width: 1024px) 100vw, 1024px\" \/><\/figure>\n\n\n\n<h2 class=\"gb-headline gb-headline-70f0fa00 gb-headline-text\"><strong>S\u00f3n compatibles tots dos models?<\/strong><\/h2>\n\n\n\n<p>Els models exposats, que podr\u00edem anomenar \u201cpublicista\u201d (model UE) i \u201cprivatista\u201d (model UNCITRAL), es presenten com a alternatius i compatibles entre si. En altres paraules, la UE ha prove\u00eft un marc legal per a la circulaci\u00f3 dels acords de mediaci\u00f3 com a documents p\u00fablics, per\u00f2 no impedeix que els Estats membres apliquin la seva pr\u00f2pia legislaci\u00f3 interna per al reconeixement de l&#039;acord de mediaci\u00f3 com a document privat.<\/p>\n\n\n\n<p>Aix\u00f2 s\u00ed, els Estats membres no es poden plantejar ratificar per si mateixos la Convenci\u00f3 de Singapur. Al contrari, correspon a la UE ratificar aquesta Convenci\u00f3 perqu\u00e8 \u00e9s una mat\u00e8ria que ja ha estat objecte de regulaci\u00f3 europea.<\/p>\n\n\n\n<p>Una ratificaci\u00f3 hipot\u00e8tica per la UE faria aplicable a la Convenci\u00f3 el reconeixement d&#039;acords privats fins i tot entre Estats membres, i al marge que es vehiculitzin o no a trav\u00e9s d&#039;un document p\u00fablic europeu. Tot aix\u00f2 excepte alguna declaraci\u00f3 de la UE en sentit contrari en el moment de ratificaci\u00f3.<\/p>\n\n\n\n<p>\u00c9s un canvi massa estructural que fa poc probable que la UE ratifiqui la Convenci\u00f3, malgrat els beneficis que aix\u00f2 podria tenir en les relacions amb tercers Estats.<\/p>\n\n\n\n<figure class=\"wp-block-image size-large\"><img loading=\"lazy\" decoding=\"async\" width=\"1024\" height=\"681\" src=\"https:\/\/eimediacion.edu.es\/wp-content\/uploads\/2023\/08\/japon-calle-dia-1024x681.jpg\" alt=\"Japon Calle Dia\" class=\"wp-image-40978\" title=\"\" srcset=\"https:\/\/eimediacion.edu.es\/wp-content\/uploads\/2023\/08\/japon-calle-dia-1024x681.jpg 1024w, https:\/\/eimediacion.edu.es\/wp-content\/uploads\/2023\/08\/japon-calle-dia-262x174.jpg 262w, https:\/\/eimediacion.edu.es\/wp-content\/uploads\/2023\/08\/japon-calle-dia-768x511.jpg 768w, https:\/\/eimediacion.edu.es\/wp-content\/uploads\/2023\/08\/japon-calle-dia.jpg 1449w\" sizes=\"auto, (max-width: 1024px) 100vw, 1024px\" \/><\/figure>\n\n\n\n<p>No et quedis sense pla\u00e7a i matricula&#039;t en mediaci\u00f3 de la m\u00e0 de la <a href=\"https:\/\/eimediacion.edu.es\/cat\/\" data-type=\"URL\" data-id=\"https:\/\/eimediacion.edu.es\/\">escola l\u00edder de mediaci\u00f3.<\/a><\/p>","protected":false},"excerpt":{"rendered":"<p>Perqu\u00e8 la mediaci\u00f3 triomfi en l&#039;\u00e0mbit internacional, \u00e9s fonamental assegurar als operadors que l&#039;acord de transacci\u00f3 resultant d&#039;aquest proc\u00e9s tindr\u00e0 efectes plens i es podr\u00e0 executar en qualsevol Estat del M\u00f3n. En aquest sentit, recentment he publicat un article titulat \u201cEfic\u00e0cia dels acords resultants \u2026 <a title=\"Efic\u00e0cia dels acords resultants duna mediaci\u00f3 internacional\" class=\"read-more\" href=\"https:\/\/eimediacion.edu.es\/cat\/ser-mediador\/noticias-escuela-mediacion\/eficacia-de-los-acuerdos-resultantes-de-una-mediacion-internacional\/\" aria-label=\"M\u00e9s informaci\u00f3 sobre Efic\u00e0cia dels acords resultants d&#039;una mediaci\u00f3 internacional\">Llegir m\u00e9s<\/a><\/p>","protected":false},"author":18,"featured_media":40977,"comment_status":"closed","ping_status":"closed","sticky":false,"template":"","format":"standard","meta":{"inline_featured_image":false,"footnotes":""},"categories":[1],"tags":[],"class_list":["post-40974","post","type-post","status-publish","format-standard","has-post-thumbnail","hentry","category-noticias-escuela-mediacion"],"_links":{"self":[{"href":"https:\/\/eimediacion.edu.es\/cat\/wp-json\/wp\/v2\/posts\/40974","targetHints":{"allow":["GET"]}}],"collection":[{"href":"https:\/\/eimediacion.edu.es\/cat\/wp-json\/wp\/v2\/posts"}],"about":[{"href":"https:\/\/eimediacion.edu.es\/cat\/wp-json\/wp\/v2\/types\/post"}],"author":[{"embeddable":true,"href":"https:\/\/eimediacion.edu.es\/cat\/wp-json\/wp\/v2\/users\/18"}],"replies":[{"embeddable":true,"href":"https:\/\/eimediacion.edu.es\/cat\/wp-json\/wp\/v2\/comments?post=40974"}],"version-history":[{"count":0,"href":"https:\/\/eimediacion.edu.es\/cat\/wp-json\/wp\/v2\/posts\/40974\/revisions"}],"wp:featuredmedia":[{"embeddable":true,"href":"https:\/\/eimediacion.edu.es\/cat\/wp-json\/wp\/v2\/media\/40977"}],"wp:attachment":[{"href":"https:\/\/eimediacion.edu.es\/cat\/wp-json\/wp\/v2\/media?parent=40974"}],"wp:term":[{"taxonomy":"category","embeddable":true,"href":"https:\/\/eimediacion.edu.es\/cat\/wp-json\/wp\/v2\/categories?post=40974"},{"taxonomy":"post_tag","embeddable":true,"href":"https:\/\/eimediacion.edu.es\/cat\/wp-json\/wp\/v2\/tags?post=40974"}],"curies":[{"name":"wp","href":"https:\/\/api.w.org\/{rel}","templated":true}]}}