{"id":40917,"date":"2023-07-27T17:11:08","date_gmt":"2023-07-27T15:11:08","guid":{"rendered":"https:\/\/eimediacion.edu.es\/?p=40917"},"modified":"2023-07-27T17:11:15","modified_gmt":"2023-07-27T15:11:15","slug":"empleo-2707","status":"publish","type":"post","link":"https:\/\/eimediacion.edu.es\/cat\/ser-mediador\/ofertas-trabajo-mediacion\/empleo-2707\/","title":{"rendered":"Ofertes de feina en mediaci\u00f3 del 24 de juliol al 30 de juliol"},"content":{"rendered":"<figure class=\"wp-block-image size-full\"><img loading=\"lazy\" decoding=\"async\" width=\"1024\" height=\"153\" src=\"https:\/\/eimediacion.edu.es\/wp-content\/uploads\/2021\/05\/ofertas-de-empleo-1024x153-1.jpg\" alt=\"\" class=\"wp-image-25526\" title=\"\" srcset=\"https:\/\/eimediacion.edu.es\/wp-content\/uploads\/2021\/05\/ofertas-de-empleo-1024x153-1.jpg 1024w, https:\/\/eimediacion.edu.es\/wp-content\/uploads\/2021\/05\/ofertas-de-empleo-1024x153-1-376x56.jpg 376w, https:\/\/eimediacion.edu.es\/wp-content\/uploads\/2021\/05\/ofertas-de-empleo-1024x153-1-768x115.jpg 768w, https:\/\/eimediacion.edu.es\/wp-content\/uploads\/2021\/05\/ofertas-de-empleo-1024x153-1-678x101.jpg 678w\" sizes=\"auto, (max-width: 1024px) 100vw, 1024px\" \/><\/figure>\n\n\n\n<h2 class=\"wp-block-heading\" id=\"mediador-a-social-en-madrid\"><strong>Ocupaci\u00f3 mediador\/a intercultural a Almeria. <\/strong><\/h2>\n\n\n\n<p><strong>Descripci\u00f3 del lloc<\/strong><\/p>\n\n\n\n<p>Es busca mediador\/a intercultural a Almeria.   <\/p>\n\n\n\n<p><strong>Funcions<\/strong><\/p>\n\n\n\n<ul class=\"wp-block-list\">\n<li>Planificar, executar i avaluar les activitats de mediaci\u00f3 intercultural del programa d&#039;inf\u00e0ncia en moviment: atenci\u00f3 psicosocial, informaci\u00f3, mediaci\u00f3 i interpretaci\u00f3, detecci\u00f3 de vulnerabilitats, prevenci\u00f3 i resoluci\u00f3 de conflictes, gesti\u00f3 de casos, treball comunitari, refor\u00e7ament de capacitats.<\/li>\n\n\n\n<li>Contribuir amb el disseny, l&#039;execuci\u00f3 i el monitoratge d&#039;activitats psicosocials de participaci\u00f3 infantil i juvenil.<\/li>\n\n\n\n<li>Facilitar el treball en xarxa amb altres agents (centres, serveis) per garantir la qualitat de la resposta i del servei.<\/li>\n\n\n\n<li>Complir la gesti\u00f3 documental del servei (llistes assist\u00e8ncies, contractes pedag\u00f2gics, informes, etc.).<\/li>\n\n\n\n<li>Col\u00b7laborar amb les accions dincid\u00e8ncia, comunicaci\u00f3 i difusi\u00f3 de lentitat.<\/li>\n<\/ul>\n\n\n\n<p><strong>Requisits<\/strong><\/p>\n\n\n\n<ul class=\"wp-block-list\">\n<li>Titulaci\u00f3 Universit\u00e0ria en Treball social, integraci\u00f3 social, psicologia, mediaci\u00f3 o afins.<\/li>\n\n\n\n<li>Imprescindible: Formaci\u00f3 i coneixements a: Protecci\u00f3, drets d&#039;Inf\u00e0ncia i\/o participaci\u00f3 infantil i juvenil.<\/li>\n\n\n\n<li>\u00das de ferramentes a nivell professional: Ofim\u00e0tiques -Word, Excel, PowerPoint, Access.<\/li>\n\n\n\n<li>Imprescindible: Domini dels idiomes seg\u00fcents: Castell\u00e0 i \u00e0rab \u201cDariya\u201d. Valorable Bambara, Soninke, Wolof, Franc\u00e8s.<\/li>\n\n\n\n<li>Imprescindible experi\u00e8ncia d&#039;almenys 2 anys en experi\u00e8ncia de treball amb menors i\/o migrants.<\/li>\n<\/ul>\n\n\n\n<p>Pots<strong> inscriure&#039;t en aquesta oferta de treball<\/strong> per treballar com a mediador\/a fent<a href=\"https:\/\/es.jobrapido.com\/jobpreview\/292422076?utm_campaign=google_jobs_apply&amp;utm_source=google_jobs_apply&amp;utm_medium=organic\" data-type=\"URL\" data-id=\"https:\/\/es.jobrapido.com\/jobpreview\/292422076?utm_campaign=google_jobs_apply&amp;utm_source=google_jobs_apply&amp;utm_medium=organic\" rel=\"nofollow noopener\" target=\"_blank\"> <\/a><a href=\"https:\/\/es.trabajo.org\/oferta-2206-20230721-b26c0403738d57ca97f5ed6eaec0419e?utm_campaign=google_jobs_apply&amp;utm_source=google_jobs_apply&amp;utm_medium=organic\" data-type=\"URL\" data-id=\"https:\/\/es.trabajo.org\/oferta-2206-20230721-b26c0403738d57ca97f5ed6eaec0419e?utm_campaign=google_jobs_apply&amp;utm_source=google_jobs_apply&amp;utm_medium=organic\" rel=\"nofollow noopener\" target=\"_blank\">clic aqu\u00ed.<\/a><\/p>\n\n\n\n<figure class=\"wp-block-image size-full\"><img loading=\"lazy\" decoding=\"async\" width=\"1024\" height=\"153\" src=\"https:\/\/eimediacion.edu.es\/wp-content\/uploads\/2021\/05\/ofertas-de-empleo-1024x153-1.jpg\" alt=\"Descubre las \u00faltimas ofertas de empleo de mediaci\u00f3n.\" class=\"wp-image-25526\" title=\"\" srcset=\"https:\/\/eimediacion.edu.es\/wp-content\/uploads\/2021\/05\/ofertas-de-empleo-1024x153-1.jpg 1024w, https:\/\/eimediacion.edu.es\/wp-content\/uploads\/2021\/05\/ofertas-de-empleo-1024x153-1-376x56.jpg 376w, https:\/\/eimediacion.edu.es\/wp-content\/uploads\/2021\/05\/ofertas-de-empleo-1024x153-1-768x115.jpg 768w, https:\/\/eimediacion.edu.es\/wp-content\/uploads\/2021\/05\/ofertas-de-empleo-1024x153-1-678x101.jpg 678w\" sizes=\"auto, (max-width: 1024px) 100vw, 1024px\" \/><\/figure>\n\n\n\n<h2 class=\"wp-block-heading\" id=\"mediador-a-social-en-madrid\"><strong>Ocupaci\u00f3 mediador\/a intercultural a Badajoz<\/strong><\/h2>\n\n\n\n<p><strong>Descripci\u00f3 del lloc<\/strong><\/p>\n\n\n\n<p>Es busca 1 mediador\/a intercultural a Badajoz.   <\/p>\n\n\n\n<p><strong>Funcions<\/strong><\/p>\n\n\n\n<ul class=\"wp-block-list\">\n<li>Execuci\u00f3 del projecte marc vetllant pel compliment dels objectius d&#039;intervenci\u00f3.<\/li>\n\n\n\n<li>Atenci\u00f3 i mediaci\u00f3 sociosanit\u00e0ria amb persones migrants temporeres.<\/li>\n\n\n\n<li>Derivaci\u00f3 a serveis sociosanitaris de refer\u00e8ncia.<\/li>\n\n\n\n<li>Seguiment i acompanyament a serveis sociosanitaris de refer\u00e8ncia.<\/li>\n\n\n\n<li>Elaboraci\u00f3 dinformes dintervenci\u00f3 en mediaci\u00f3.<\/li>\n\n\n\n<li>Registre de les intervencions a la base de dades d&#039;inclusi\u00f3 social de Metges del M\u00f3n, aix\u00ed com la sistematitzaci\u00f3 de diaris de camp i protocols d&#039;intervenci\u00f3.<\/li>\n\n\n\n<li>Coordinaci\u00f3 amb altres recursos i professionals.<\/li>\n\n\n\n<li>Altres funcions relacionades amb lactivitat de l\u00e0rea de treball, requerides per la Coordinaci\u00f3 de Seu i\/o pel seu responsable directe.<\/li>\n<\/ul>\n\n\n\n<p><strong>Requisits<\/strong><\/p>\n\n\n\n<ul class=\"wp-block-list\">\n<li>Formaci\u00f3 en l\u00e0mbit de les ci\u00e8ncies socials, preferiblement sanit\u00e0ries o experi\u00e8ncia demostrable en aquests camps.<\/li>\n\n\n\n<li>Formaci\u00f3 Addicional: Formaci\u00f3 en mediaci\u00f3 intercultural. Formaci\u00f3 en salut comunit\u00e0ria. Formaci\u00f3 en Educaci\u00f3 per a la Salut. Formaci\u00f3 en habilitats socials i de comunicaci\u00f3.<\/li>\n\n\n\n<li>Castell\u00e0 nivell C1, roman\u00e8s nivell C2.<\/li>\n\n\n\n<li>Inform\u00e0tica: Imprescindible nivell usuari paquet Office i Bases de dades.<\/li>\n\n\n\n<li>Autonomia a la feina. Capacitat per a la relaci\u00f3 i la coordinaci\u00f3 amb altres \u00e0rees i departaments tant interns com externs dins de l&#039;organitzaci\u00f3. Alta motivaci\u00f3 i comprom\u00eds en all\u00f2 social.<\/li>\n<\/ul>\n\n\n\n<p>Pots<strong> inscriure&#039;t en aquesta oferta de treball<\/strong> per treballar com a mediador\/a fent<a href=\"https:\/\/www.kitempleo.es\/empleo\/57621253\/vhv-064-mediadores-culturales-museo-guetaria\/?utm_campaign=google_jobs_apply&amp;utm_source=google_jobs_apply&amp;utm_medium=organic\" data-type=\"URL\" data-id=\"https:\/\/www.kitempleo.es\/empleo\/57621253\/vhv-064-mediadores-culturales-museo-guetaria\/?utm_campaign=google_jobs_apply&amp;utm_source=google_jobs_apply&amp;utm_medium=organic\" target=\"_blank\" rel=\"noreferrer noopener nofollow\"> <\/a><a href=\"https:\/\/es.jobrapido.com\/jobpreview\/305693525?utm_campaign=google_jobs_apply&amp;utm_source=google_jobs_apply&amp;utm_medium=organic\" data-type=\"URL\" data-id=\"https:\/\/es.jobrapido.com\/jobpreview\/305693525?utm_campaign=google_jobs_apply&amp;utm_source=google_jobs_apply&amp;utm_medium=organic\" rel=\"nofollow noopener\" target=\"_blank\">clic aqu\u00ed.<\/a><\/p>\n\n\n\n<figure class=\"wp-block-image size-full\"><img loading=\"lazy\" decoding=\"async\" width=\"1024\" height=\"153\" src=\"https:\/\/eimediacion.edu.es\/wp-content\/uploads\/2021\/05\/ofertas-de-empleo-1024x153-1.jpg\" alt=\"Descubre las \u00faltimas ofertas de empleo de mediaci\u00f3n.\" class=\"wp-image-25526\" title=\"\" srcset=\"https:\/\/eimediacion.edu.es\/wp-content\/uploads\/2021\/05\/ofertas-de-empleo-1024x153-1.jpg 1024w, https:\/\/eimediacion.edu.es\/wp-content\/uploads\/2021\/05\/ofertas-de-empleo-1024x153-1-376x56.jpg 376w, https:\/\/eimediacion.edu.es\/wp-content\/uploads\/2021\/05\/ofertas-de-empleo-1024x153-1-768x115.jpg 768w, https:\/\/eimediacion.edu.es\/wp-content\/uploads\/2021\/05\/ofertas-de-empleo-1024x153-1-678x101.jpg 678w\" sizes=\"auto, (max-width: 1024px) 100vw, 1024px\" \/><\/figure>\n\n\n\n<h2 class=\"gb-headline gb-headline-e367f9ed gb-headline-text\"><strong>Ocupaci\u00f3 mediador\/a intercultural a Melilla.<\/strong><\/h2>\n\n\n\n<p>Cal un mediador\/a intercultural a Melilla.<\/p>\n\n\n\n<p><strong>Funcions<\/strong><\/p>\n\n\n\n<ul class=\"wp-block-list\">\n<li>Planificar, executar i avaluar les activitats de mediaci\u00f3 intercultural del programa dinfants en moviment: informaci\u00f3, mediaci\u00f3 i interpretaci\u00f3, detecci\u00f3 de vulnerabilitats, prevenci\u00f3 i resoluci\u00f3 de conflictes.<\/li>\n\n\n\n<li>Contribuir amb el disseny, l&#039;execuci\u00f3 i el monitoratge d&#039;activitats psicosocials de participaci\u00f3 infantil i juvenil.<\/li>\n\n\n\n<li>Facilitar el treball en xarxa amb altres agents (centres, serveis) per garantir la qualitat de la resposta i del servei.<\/li>\n\n\n\n<li>Complir amb la gesti\u00f3 documental del servei: assist\u00e8ncies, contractes, informes.<\/li>\n\n\n\n<li>Qualsevol altra tasca d&#039;acord amb la categoria professional que li encomane el responsable.<\/li>\n<\/ul>\n\n\n\n<p><strong>Requisits<\/strong><\/p>\n\n\n\n<ul class=\"wp-block-list\">\n<li>Titulaci\u00f3 universit\u00e0ria i formaci\u00f3 en mediaci\u00f3 intercultural.<\/li>\n\n\n\n<li>Formaci\u00f3 i coneixements a: Protecci\u00f3, drets d&#039;Inf\u00e0ncia i\/o participaci\u00f3 infantil i juvenil. \u00das de ferramentes a nivell professional: Ofim\u00e0tiques Word, Excel, PowerPoint, Access.<\/li>\n\n\n\n<li>Imprescindible: Castell\u00e0, angl\u00e8s i franc\u00e8s.<\/li>\n\n\n\n<li>Valorable: \u00c0rab i Lleng\u00fces de Magrib i \u00c0frica Subsahariana. <\/li>\n\n\n\n<li>Imprescindible experi\u00e8ncia d&#039;almenys 2 anys en experi\u00e8ncia de treball amb menors i\/o migrants. Experi\u00e8ncia en el disseny i la implementaci\u00f3 d&#039;eines d&#039;intervenci\u00f3 amb inf\u00e0ncia i de monitoritzaci\u00f3 d&#039;activitats. Valorables coneixements i experi\u00e8ncia en treball comunitari.<\/li>\n<\/ul>\n\n\n\n<p><a href=\"https:\/\/es.jobrapido.com\/jobpreview\/305961576?utm_campaign=google_jobs_apply&amp;utm_source=google_jobs_apply&amp;utm_medium=organic\" data-type=\"URL\" data-id=\"https:\/\/es.jobrapido.com\/jobpreview\/305961576?utm_campaign=google_jobs_apply&amp;utm_source=google_jobs_apply&amp;utm_medium=organic\" rel=\"nofollow noopener\" target=\"_blank\">Inscriu-te aqu\u00ed.<\/a><\/p>","protected":false},"excerpt":{"rendered":"<p>No et perdis les nostres \u00faltimes ofertes de feina! Busquen professionals de la mediaci\u00f3 a Almeria, Badajoz i Melilla.<\/p>","protected":false},"author":6,"featured_media":40922,"comment_status":"closed","ping_status":"closed","sticky":false,"template":"","format":"standard","meta":{"inline_featured_image":false,"footnotes":""},"categories":[28,25,1,161],"tags":[206,205,207],"class_list":["post-40917","post","type-post","status-publish","format-standard","has-post-thumbnail","hentry","category-ofertas-trabajo-mediacion","category-ser-mediador","category-noticias-escuela-mediacion","category-ofertas-laborales","tag-empleo","tag-ofertas","tag-trabajo"],"_links":{"self":[{"href":"https:\/\/eimediacion.edu.es\/cat\/wp-json\/wp\/v2\/posts\/40917","targetHints":{"allow":["GET"]}}],"collection":[{"href":"https:\/\/eimediacion.edu.es\/cat\/wp-json\/wp\/v2\/posts"}],"about":[{"href":"https:\/\/eimediacion.edu.es\/cat\/wp-json\/wp\/v2\/types\/post"}],"author":[{"embeddable":true,"href":"https:\/\/eimediacion.edu.es\/cat\/wp-json\/wp\/v2\/users\/6"}],"replies":[{"embeddable":true,"href":"https:\/\/eimediacion.edu.es\/cat\/wp-json\/wp\/v2\/comments?post=40917"}],"version-history":[{"count":0,"href":"https:\/\/eimediacion.edu.es\/cat\/wp-json\/wp\/v2\/posts\/40917\/revisions"}],"wp:featuredmedia":[{"embeddable":true,"href":"https:\/\/eimediacion.edu.es\/cat\/wp-json\/wp\/v2\/media\/40922"}],"wp:attachment":[{"href":"https:\/\/eimediacion.edu.es\/cat\/wp-json\/wp\/v2\/media?parent=40917"}],"wp:term":[{"taxonomy":"category","embeddable":true,"href":"https:\/\/eimediacion.edu.es\/cat\/wp-json\/wp\/v2\/categories?post=40917"},{"taxonomy":"post_tag","embeddable":true,"href":"https:\/\/eimediacion.edu.es\/cat\/wp-json\/wp\/v2\/tags?post=40917"}],"curies":[{"name":"wp","href":"https:\/\/api.w.org\/{rel}","templated":true}]}}