{"id":40426,"date":"2023-06-06T11:16:01","date_gmt":"2023-06-06T09:16:01","guid":{"rendered":"https:\/\/eimediacion.edu.es\/?p=40426"},"modified":"2023-06-06T11:20:23","modified_gmt":"2023-06-06T09:20:23","slug":"formacion-y-supervision-mediador","status":"publish","type":"post","link":"https:\/\/eimediacion.edu.es\/cat\/ser-mediador\/formacion-y-supervision-mediador\/","title":{"rendered":"La import\u00e0ncia de la formaci\u00f3 i la supervisi\u00f3 dels professionals de la mediaci\u00f3 que treballen amb menors."},"content":{"rendered":"<h2 class=\"gb-headline gb-headline-7bb5d5e2 gb-headline-text\">La formaci\u00f3 i supervisi\u00f3 adequades dels mediadors que treballen amb menors, especialment en el cas dels <strong>menors no acompanyats<\/strong>, tenen un paper crucial en garantir una atenci\u00f3 de qualitat i protecci\u00f3 efectiva.<\/h2>\n\n\n\n<p>Les institucions per a les quals treballen aquests mediadors tenen la responsabilitat d&#039;assegurar-se que estiguin degudament preparats i capacitats per fer front als <a href=\"https:\/\/eimediacion.edu.es\/cat\/programas\/mediacion-comunitaria\/\" target=\"_blank\" data-type=\"URL\" data-id=\"https:\/\/eimediacion.edu.es\/programas\/mediacion-comunitaria\/\" rel=\"noreferrer noopener\">desafiaments espec\u00edfics<\/a><a href=\"https:\/\/eimediacion.edu.es\/cat\/programas\/mediacion-bancaria-hipotecaria\/\" data-type=\"URL\" data-id=\"https:\/\/eimediacion.edu.es\/programas\/mediacion-bancaria-hipotecaria\/\"> <\/a>que implica treballar amb aquesta poblaci\u00f3 vulnerable i per aix\u00f2 cal observar alguns aspectes importants.<\/p>\n\n\n\n<p><strong>En primer lloc,<\/strong> la formaci\u00f3 especialitzada \u00e9s fonamental perqu\u00e8 els mediadors adquireixin els coneixements necessaris sobre els <strong>drets dels nens, les din\u00e0miques de migraci\u00f3, el trauma i el desenvolupament infantil<\/strong>. Els mediadors han de comprendre els <strong>contextos culturals i socials<\/strong> on es troben els menors, aix\u00ed com els riscos i les necessitats espec\u00edfiques que enfronten. Una formaci\u00f3 s\u00f2lida els permet oferir un suport adequat, aix\u00ed com orientaci\u00f3 i recursos pertinents als menors.<\/p>\n\n\n\n<h2 class=\"gb-headline gb-headline-484e3aac gb-headline-text\">Aspectes pr\u00e0ctics de la formaci\u00f3 en mediaci\u00f3 familiar<\/h2>\n\n\n<div class=\"wp-block-image\">\n<figure class=\"alignleft size-large is-resized\"><img loading=\"lazy\" decoding=\"async\" src=\"https:\/\/eimediacion.edu.es\/wp-content\/uploads\/2023\/06\/mujer-joven-haciendo-terapia-habla-nino-rubio-1024x683.jpg\" alt=\"Escuela de mediaci\u00f3n\" class=\"wp-image-40427\" width=\"810\" height=\"540\" title=\"\" srcset=\"https:\/\/eimediacion.edu.es\/wp-content\/uploads\/2023\/06\/mujer-joven-haciendo-terapia-habla-nino-rubio-1024x683.jpg 1024w, https:\/\/eimediacion.edu.es\/wp-content\/uploads\/2023\/06\/mujer-joven-haciendo-terapia-habla-nino-rubio-261x174.jpg 261w, https:\/\/eimediacion.edu.es\/wp-content\/uploads\/2023\/06\/mujer-joven-haciendo-terapia-habla-nino-rubio-768x512.jpg 768w, https:\/\/eimediacion.edu.es\/wp-content\/uploads\/2023\/06\/mujer-joven-haciendo-terapia-habla-nino-rubio-1536x1024.jpg 1536w, https:\/\/eimediacion.edu.es\/wp-content\/uploads\/2023\/06\/mujer-joven-haciendo-terapia-habla-nino-rubio-1200x800.jpg 1200w, https:\/\/eimediacion.edu.es\/wp-content\/uploads\/2023\/06\/mujer-joven-haciendo-terapia-habla-nino-rubio.jpg 1897w\" sizes=\"auto, (max-width: 810px) 100vw, 810px\" \/><\/figure>\n<\/div>\n\n\n<p>A m\u00e9s, <strong>la formaci\u00f3 tamb\u00e9 ha d&#039;incloure aspectes pr\u00e0ctics<\/strong>, com habilitats de comunicaci\u00f3 efectiva, maneig de conflictes, t\u00e8cniques de mediaci\u00f3. Aix\u00f2 permet que els mediadors treballin de manera efectiva en la defensa dels drets dels menors i en la facilitaci\u00f3 de solucions pac\u00edfiques en situacions complexes.<\/p>\n\n\n\n<p>No obstant aix\u00f2, <strong>la formaci\u00f3 no ha de ser un proc\u00e9s est\u00e0tic i \u00fanic<\/strong>. La supervisi\u00f3 cont\u00ednua \u00e9s essencial per garantir que els mediadors, treballadors en un marc tan canviant com el migratori, estiguin actualitzats i segueixin adquirint noves habilitats i coneixements. Les institucions han de proporcionar espais per a la capacitaci\u00f3 cont\u00ednua, la reflexi\u00f3 i lintercanvi dexperi\u00e8ncies. Aix\u00f2 contribueix a la millora constant de la pr\u00e0ctica dels mediadors ia l&#039;adaptaci\u00f3 a les necessitats canviants dels menors no acompanyats.<\/p>\n\n\n\n<h2 class=\"gb-headline gb-headline-774585ae gb-headline-text\">Pol\u00edtiques de les institucions per a la seva formaci\u00f3<\/h2>\n\n\n\n<p>A m\u00e9s de la formaci\u00f3 i la supervisi\u00f3, les institucions han de vetllar per la implementaci\u00f3 de pol\u00edtiques i est\u00e0ndards \u00e8tics adequats. Aix\u00f2 implica garantir la idone\u00eftat i compet\u00e8ncia dels mediadors, aix\u00ed com establir mecanismes <strong>de rendici\u00f3 de comptes<\/strong> i <strong>monitoratge del seu exercici<\/strong>. <strong>La qualitat i la seguretat<\/strong> de latenci\u00f3 als menors han de ser priorit\u00e0ries, i aix\u00f2 requereix un comprom\u00eds institucional s\u00f2lid.<\/p>\n\n\n\n<p>La formaci\u00f3 de professionals a la<a href=\"https:\/\/eimediacion.edu.es\/cat\/promocion\/posgrado-intervencion-menores\/\" target=\"_blank\" data-type=\"URL\" data-id=\"https:\/\/eimediacion.edu.es\/promocion\/posgrado-intervencion-menores\/\" rel=\"noreferrer noopener\"> <strong>educaci\u00f3 amb menors<\/strong><\/a> \u00e9s de vital import\u00e0ncia al sector, ja que juga un paper fonamental en el desenvolupament i benestar dels nens i nenes. Aquests professionals exerceixen un rol crucial en la formaci\u00f3 de les futures generacions, modelant el seu aprenentatge, promovent-ne el creixement integral i brindant el suport necessari per al seu desenvolupament emocional, social i cognitiu.<\/p>\n\n\n\n<p>A m\u00e9s, la formaci\u00f3 de professionals amb menors tamb\u00e9 implica estar actualitzats en les darreres investigacions i aven\u00e7os en el camp de l&#039;educaci\u00f3. Aix\u00f2 permet implementar pr\u00e0ctiques pedag\u00f2giques innovadores, adaptades a les necessitats i caracter\u00edstiques individuals dels menors, i utilitzar recursos tecnol\u00f2gics que enriqueixin la seva experi\u00e8ncia educativa.<\/p>\n\n\n\n<p>En resum, la <strong>formaci\u00f3 de professionals<\/strong> en l&#039;educaci\u00f3 amb menors no nom\u00e9s \u00e9s necess\u00e0ria, sin\u00f3 fonamental per proporcionar als nens i nenes una <strong>educaci\u00f3 de qualitat<\/strong> i un ambient d&#039;aprenentatge enriquidor. Com a professionals, hem d&#039;assumir la responsabilitat de preparar-nos cont\u00ednuament i estar compromesos amb el benestar i el desenvolupament integral dels menors, ja que com va dir Nelson Mandela: \u00abL&#039;educaci\u00f3 \u00e9s l&#039;arma m\u00e9s poderosa que pots fer servir per canviar el m\u00f3n\u00bb.<\/p>\n\n\n<div class=\"wp-block-image\">\n<figure class=\"alignleft size-large is-resized\"><img loading=\"lazy\" decoding=\"async\" src=\"https:\/\/eimediacion.edu.es\/wp-content\/uploads\/2023\/06\/cerrar-familia-discutiendo-terapeuta-1024x681.jpg\" alt=\"formaci\u00f3n en mediaci\u00f3n\" class=\"wp-image-40429\" width=\"415\" height=\"276\" title=\"\" srcset=\"https:\/\/eimediacion.edu.es\/wp-content\/uploads\/2023\/06\/cerrar-familia-discutiendo-terapeuta-1024x681.jpg 1024w, https:\/\/eimediacion.edu.es\/wp-content\/uploads\/2023\/06\/cerrar-familia-discutiendo-terapeuta-262x174.jpg 262w, https:\/\/eimediacion.edu.es\/wp-content\/uploads\/2023\/06\/cerrar-familia-discutiendo-terapeuta-768x511.jpg 768w, https:\/\/eimediacion.edu.es\/wp-content\/uploads\/2023\/06\/cerrar-familia-discutiendo-terapeuta-1200x800.jpg 1200w, https:\/\/eimediacion.edu.es\/wp-content\/uploads\/2023\/06\/cerrar-familia-discutiendo-terapeuta.jpg 1452w\" sizes=\"auto, (max-width: 415px) 100vw, 415px\" \/><\/figure>\n<\/div>\n\n\n<p>En conclusi\u00f3, <strong>la formaci\u00f3 i supervisi\u00f3<\/strong> dels mediadors que treballen amb menors no acompanyats \u00e9s de vital import\u00e0ncia per assegurar una atenci\u00f3 de qualitat. Les institucions han d&#039;invertir en la capacitaci\u00f3 especialitzada, proporcionar espais de supervisi\u00f3 i fomentar-ne la millora cont\u00ednua. Nom\u00e9s a trav\u00e9s de mediadors ben formats i recolzats es pot garantir una atenci\u00f3 efectiva i protectora per als menors m\u00e9s vulnerables.<\/p>\n\n\n\n<p>El coneixement en mediaci\u00f3 familiar obre les portes cap a un futur ple de comprensi\u00f3, harmonia i solucions. \u00a1Estudia amb passi\u00f3 i converteix-te en l&#039;agent de canvi que les fam\u00edlies necessiten! Reserva la teva pla\u00e7a a la <a href=\"https:\/\/eimediacion.edu.es\/cat\/\" data-type=\"URL\" data-id=\"https:\/\/eimediacion.edu.es\/\">Escola Internacional de Mediaci\u00f3.<\/a><\/p>","protected":false},"excerpt":{"rendered":"<p>La formaci\u00f3 i supervisi\u00f3 adequades dels mediadors que treballen amb menors, especialment en el cas dels menors no acompanyats, tenen un paper crucial a garantir una atenci\u00f3 de qualitat i protecci\u00f3 efectiva.<\/p>","protected":false},"author":33,"featured_media":40432,"comment_status":"closed","ping_status":"closed","sticky":false,"template":"","format":"standard","meta":{"inline_featured_image":false,"footnotes":""},"categories":[25],"tags":[285,218],"class_list":["post-40426","post","type-post","status-publish","format-standard","has-post-thumbnail","hentry","category-ser-mediador","tag-mediacion-familiar","tag-menores"],"_links":{"self":[{"href":"https:\/\/eimediacion.edu.es\/cat\/wp-json\/wp\/v2\/posts\/40426","targetHints":{"allow":["GET"]}}],"collection":[{"href":"https:\/\/eimediacion.edu.es\/cat\/wp-json\/wp\/v2\/posts"}],"about":[{"href":"https:\/\/eimediacion.edu.es\/cat\/wp-json\/wp\/v2\/types\/post"}],"author":[{"embeddable":true,"href":"https:\/\/eimediacion.edu.es\/cat\/wp-json\/wp\/v2\/users\/33"}],"replies":[{"embeddable":true,"href":"https:\/\/eimediacion.edu.es\/cat\/wp-json\/wp\/v2\/comments?post=40426"}],"version-history":[{"count":0,"href":"https:\/\/eimediacion.edu.es\/cat\/wp-json\/wp\/v2\/posts\/40426\/revisions"}],"wp:featuredmedia":[{"embeddable":true,"href":"https:\/\/eimediacion.edu.es\/cat\/wp-json\/wp\/v2\/media\/40432"}],"wp:attachment":[{"href":"https:\/\/eimediacion.edu.es\/cat\/wp-json\/wp\/v2\/media?parent=40426"}],"wp:term":[{"taxonomy":"category","embeddable":true,"href":"https:\/\/eimediacion.edu.es\/cat\/wp-json\/wp\/v2\/categories?post=40426"},{"taxonomy":"post_tag","embeddable":true,"href":"https:\/\/eimediacion.edu.es\/cat\/wp-json\/wp\/v2\/tags?post=40426"}],"curies":[{"name":"wp","href":"https:\/\/api.w.org\/{rel}","templated":true}]}}