{"id":36859,"date":"2023-02-14T12:24:00","date_gmt":"2023-02-14T11:24:00","guid":{"rendered":"https:\/\/eimediacion.edu.es\/?p=36859"},"modified":"2023-02-14T12:26:20","modified_gmt":"2023-02-14T11:26:20","slug":"san-valentin-mediacion","status":"publish","type":"post","link":"https:\/\/eimediacion.edu.es\/cat\/ser-mediador\/san-valentin-mediacion\/","title":{"rendered":"Feli\u00e7 Sant Valent\u00ed, i si no funciona?"},"content":{"rendered":"<h2 class=\"wp-block-heading\"><strong>Sant Valent\u00ed o el dia de l&#039;amor<\/strong><\/h2>\n\n\n\n<p>Avui dia 14 de febrer se celebra el dia de Sant Valent\u00ed o dia dels enamorats. Una jornada en qu\u00e8 no \u00e9s estrany trobar-nos amb mostres d&#039;afecte en forma de cartes, flors, i\/o regals. I fins i tot, lluny del material, veure persones portant vestimentes o s\u00edmbols de color vermell; color associat a l&#039;amor, encara que tamb\u00e9 -paradoxalment- a la ira i la venjan\u00e7a que, d&#039;altra banda, de vegades solen succeir quan acaba.<\/p>\n\n\n\n<p>Sobre l&#039;origen d&#039;aquesta festivitat, no exempta de cr\u00edtiques per la seva vinculaci\u00f3 actual al consumisme, hi ha diverses versions, i potser la m\u00e9s sonada \u00e9s la que ens parla d&#039;un <a href=\"https:\/\/historia.nationalgeographic.com.es\/a\/origen-historico-dia-san-valentin_15084\" data-type=\"URL\" data-id=\"https:\/\/historia.nationalgeographic.com.es\/a\/origen-historico-dia-san-valentin_15084\" rel=\"nofollow noopener\" target=\"_blank\">Sacerdot de l&#039;antiga Roma<\/a> (Valent\u00edn), que es va jugar la vida per casar en secret joves enamorats, desobeint les ordres de l&#039;Emperador (Claudi II), qui va prohibir el matrimoni entre els joves (llavorer de les seves tropes) per aconseguir que aquests s&#039;allistassin en el ex\u00e8rcit i fossin millors soldats.<\/p>\n\n\n\n<p>Sigui com sigui, la veritat \u00e9s que al voltant de tot el m\u00f3n i principalment els pa\u00efsos occidentals, ens hem anat sumant a aquesta tradici\u00f3, incloent-hi als nostres calendaris un dia especial per celebrar l&#039;amor. I no nom\u00e9s des del comer\u00e7 o l&#039;hostaleria que, sens dubte, pugen al carro aprofitant l&#039;ocasi\u00f3, perqu\u00e8, <strong>hi ha res millor que estar enamorat\/da?<\/strong> Probablement no, si entenem l&#039;amor com aquest estat id\u00edl\u00b7lic en qu\u00e8 irradiem felicitat, gratitud, comprensi\u00f3, afecte, confian\u00e7a i generositat cap a una altra persona amb qui volem compartir la vida.<\/p>\n\n\n<div class=\"wp-block-image\">\n<figure class=\"aligncenter size-large is-resized\"><img loading=\"lazy\" decoding=\"async\" src=\"https:\/\/eimediacion.edu.es\/wp-content\/uploads\/2023\/02\/fondo-diseno-dia-san-valentin-chica-prepara-sorpresa-su-novio-1024x684.jpg\" alt=\"San Valentin\" class=\"wp-image-36889\" width=\"778\" height=\"520\" title=\"\" srcset=\"https:\/\/eimediacion.edu.es\/wp-content\/uploads\/2023\/02\/fondo-diseno-dia-san-valentin-chica-prepara-sorpresa-su-novio-1024x684.jpg 1024w, https:\/\/eimediacion.edu.es\/wp-content\/uploads\/2023\/02\/fondo-diseno-dia-san-valentin-chica-prepara-sorpresa-su-novio-261x174.jpg 261w, https:\/\/eimediacion.edu.es\/wp-content\/uploads\/2023\/02\/fondo-diseno-dia-san-valentin-chica-prepara-sorpresa-su-novio-768x513.jpg 768w, https:\/\/eimediacion.edu.es\/wp-content\/uploads\/2023\/02\/fondo-diseno-dia-san-valentin-chica-prepara-sorpresa-su-novio-1536x1026.jpg 1536w, https:\/\/eimediacion.edu.es\/wp-content\/uploads\/2023\/02\/fondo-diseno-dia-san-valentin-chica-prepara-sorpresa-su-novio-1200x800.jpg 1200w, https:\/\/eimediacion.edu.es\/wp-content\/uploads\/2023\/02\/fondo-diseno-dia-san-valentin-chica-prepara-sorpresa-su-novio.jpg 1622w\" sizes=\"auto, (max-width: 778px) 100vw, 778px\" \/><\/figure>\n<\/div>\n\n\n<h2 class=\"gb-headline gb-headline-0ad28a6c gb-headline-text\"><strong>Qu\u00e8 cal fer quan s&#039;acaba l&#039;amor en parella<\/strong><\/h2>\n\n\n\n<p><strong>Qu\u00e8 cal fer quan s&#039;acaba l&#039;amor en parella<\/strong><\/p>\n\n\n\n<p>Per\u00f2, i si no funciona? \u00e9s la pregunta que llancem en aquest post i no en va.<\/p>\n\n\n\n<p>Tot i que socialment tendim a idealitzar l&#039;amor en parella, la realitat \u00e9s que la taxa de nul\u00b7litats, separacions i divorcis va en augment.<\/p>\n\n\n\n<p>El passat 15 de juliol de 2022, l&#039;Institut Nacional d&#039;Estad\u00edstica (d&#039;ara endavant, INE) va emetre una nota de premsa on es recollia la <a href=\"https:\/\/eimediacion.edu.es\/wp-content\/uploads\/2023\/02\/nota-ine.pdf\" data-type=\"URL\" data-id=\"https:\/\/eimediacion.edu.es\/wp-content\/uploads\/2023\/02\/nota-ine.pdf\">Estad\u00edstica de Nul\u00b7litats, Separacions i Divorcis<\/a> (ENSD) corresponent a l&#039;any 2021 i que obria amb els titulars seg\u00fcents:<\/p>\n\n\n\n<ul class=\"wp-block-list\">\n<li><strong><em>El 2021 hi va haver 86.851 divorcis, un 12,5% m\u00e9s que l&#039;any anterior.<\/em><\/strong><\/li>\n\n\n\n<li><strong><em>La cust\u00f2dia compartida va ser atorgada al 43,1% dels casos de divorci i separaci\u00f3 de parelles amb fills.<\/em><\/strong><\/li>\n<\/ul>\n\n\n\n<p>Dins de les dades que recull l&#039;interessant an\u00e0lisi que realitza a <a href=\"https:\/\/www.ine.es\/\" target=\"_blank\" data-type=\"URL\" data-id=\"https:\/\/www.ine.es\/\" rel=\"noreferrer noopener nofollow\">INE<\/a>, podr\u00edem destacar que, la majoria de divorcis (78,8%) i separacions (87,9%) van ser de mutu acord, sent la durada mitjana d&#039;aquest tipus de procediments for\u00e7a inferior (3,2 mesos) que la dels procediment de tipus contenci\u00f3s en qu\u00e8 no hi va haver consens (11,9 mesos).<\/p>\n\n\n\n<p>I \u00e9s que a l&#039;hora de plantejar el \u201cfinal\u201d d&#039;una relaci\u00f3 i, en definitiva, d&#039;un projecte conjunt, caldria valorar la manera que menys repercussi\u00f3 negativa comporti les parts, pensant tamb\u00e9 en els possibles danys col\u00b7laterals que puguin patir terceres persones vinculades a aquestes, especialment, els\/les fills\/es en cas d&#039;existir.<\/p>\n\n\n\n<p>Aix\u00f2 ens fa apostar definitivament per la <strong>mediaci\u00f3<\/strong>, sobretot si, encara que s?acabi l?amor, no pot acabar la relaci\u00f3. Sobre aix\u00f2 darrer, potser es pregunten, com pot ser aix\u00f2? <\/p>\n\n\n\n<p>Solem equiparar el final de l&#039;amor al final de les relacions, per\u00f2 parlem d&#039;un final entre cometes quan, fruit d&#039;aquest amor, hi ha fills menors pel mig. En aquest darrer cas, arribar a un consens es fa estrictament necessari pel b\u00e9 de tots els membres de la fam\u00edlia.<\/p>\n\n\n\n<p>Perqu\u00e8 <strong>l&#039;amor tamb\u00e9 ens ensenya<\/strong> que, malgrat les decepcions, contratemps i desil\u00b7lusions, hi ha enteniments que resulten necessaris i val la pena deixar de banda la ranc\u00fania i agafar-nos a all\u00f2 que encara ens uneix, per aconseguir superar les desavinences sense generar m\u00e9s dolor.<\/p>\n\n\n<div class=\"wp-block-image\">\n<figure class=\"aligncenter size-large is-resized\"><img loading=\"lazy\" decoding=\"async\" src=\"https:\/\/eimediacion.edu.es\/wp-content\/uploads\/2023\/02\/papas-e-hijo-homosexuales-positivos-viendo-programas-television-juntos-casa-sentados-sofa-sala-estar-sonriendo-abrazando-al-nino-concepto-entretenimiento-familiar-domestico-1024x683.jpg\" alt=\"San Valentin\" class=\"wp-image-36888\" width=\"807\" height=\"538\" title=\"\" srcset=\"https:\/\/eimediacion.edu.es\/wp-content\/uploads\/2023\/02\/papas-e-hijo-homosexuales-positivos-viendo-programas-television-juntos-casa-sentados-sofa-sala-estar-sonriendo-abrazando-al-nino-concepto-entretenimiento-familiar-domestico-1024x683.jpg 1024w, https:\/\/eimediacion.edu.es\/wp-content\/uploads\/2023\/02\/papas-e-hijo-homosexuales-positivos-viendo-programas-television-juntos-casa-sentados-sofa-sala-estar-sonriendo-abrazando-al-nino-concepto-entretenimiento-familiar-domestico-261x174.jpg 261w, https:\/\/eimediacion.edu.es\/wp-content\/uploads\/2023\/02\/papas-e-hijo-homosexuales-positivos-viendo-programas-television-juntos-casa-sentados-sofa-sala-estar-sonriendo-abrazando-al-nino-concepto-entretenimiento-familiar-domestico-768x512.jpg 768w, https:\/\/eimediacion.edu.es\/wp-content\/uploads\/2023\/02\/papas-e-hijo-homosexuales-positivos-viendo-programas-television-juntos-casa-sentados-sofa-sala-estar-sonriendo-abrazando-al-nino-concepto-entretenimiento-familiar-domestico-1536x1024.jpg 1536w, https:\/\/eimediacion.edu.es\/wp-content\/uploads\/2023\/02\/papas-e-hijo-homosexuales-positivos-viendo-programas-television-juntos-casa-sentados-sofa-sala-estar-sonriendo-abrazando-al-nino-concepto-entretenimiento-familiar-domestico-1200x800.jpg 1200w, https:\/\/eimediacion.edu.es\/wp-content\/uploads\/2023\/02\/papas-e-hijo-homosexuales-positivos-viendo-programas-television-juntos-casa-sentados-sofa-sala-estar-sonriendo-abrazando-al-nino-concepto-entretenimiento-familiar-domestico.jpg 1890w\" sizes=\"auto, (max-width: 807px) 100vw, 807px\" \/><\/figure>\n<\/div>\n\n\n<p>Aix\u00ed les coses, la <a href=\"https:\/\/eimediacion.edu.es\/cat\/programas\/mediacion-familiar\/\" target=\"_blank\" data-type=\"URL\" data-id=\"https:\/\/eimediacion.edu.es\/programas\/mediacion-familiar\/\" rel=\"noreferrer noopener\">mediaci\u00f3 familiar<\/a>, com a m\u00e8tode dialogat de gesti\u00f3 de conflictes, ens ofereix grans eines i oportunitats, atorgant a cada part el lloc protagonista que han de continuar mantenint respecte de les seves vides i contribuint a que siguin elles mateixes les que decideixin sobre la seva <strong>futur<\/strong> mitjan\u00e7ant acords equitatius, justos, estables i duradors. Tot aix\u00f2, allunyats de la fredor d&#039;un jutjat, per\u00f2 igualment assistits per garantir els seus interessos, el de totes dues, treballant especialment en aquells interessos comuns, com ho ser\u00e0 indubtablement el <strong>benestar dels seus fills\/es<\/strong>.<\/p>\n\n\n\n<p>No podem controlar quan acaba l&#039;amor, per\u00f2 s\u00ed com acaba (o continua) la relaci\u00f3 i, en aquest sentit, els mediadors\/es professionals brindem a les parts una ajuda perqu\u00e8 ho facin de manera responsable, conscient i consensuada, contribuint aix\u00ed a un menor cost sentimental, econ\u00f2mic i temporal. Busquem, en definitiva, un <strong>GUANYAR-GUANYAR<\/strong> que satisfaci les parts i faci m\u00e9s suportable guarir la ferida que la fletxa de cupido els va deixar. Perqu\u00e8 s&#039;aconseguir\u00e0 acabar amb la relaci\u00f3 de parella, per\u00f2 continuar\u00e0 de la millor manera possible la de progenitors.<\/p>\n\n\n\n<p>Continuem estimant, aprenent i creixent en base a aquest amor. Feli\u00e7 dia de Sant Valent\u00ed a tots\/es!<\/p>\n\n\n\n<p>Aprofundeix molt m\u00e9s en la mediaci\u00f3 familiar i descobreix una de les <a href=\"https:\/\/eimediacion.edu.es\/cat\/programas\/mediacion-familiar\/\" target=\"_blank\" data-type=\"URL\" data-id=\"https:\/\/eimediacion.edu.es\/programas\/mediacion-familiar\/\" rel=\"noreferrer noopener\">especialitzacions m\u00e9s demandades<\/a> al mercat laboral de la m\u00e0 de l&#039;escola l\u00edder del sector. <\/p>","protected":false},"excerpt":{"rendered":"<p>Sant Valent\u00ed o el dia de l&#039;amor Avui, dia 14 de febrer, se celebra el dia de Sant Valent\u00ed o dia dels enamorats. Una jornada en qu\u00e8 no \u00e9s estrany trobar-nos amb mostres d&#039;afecte en forma de cartes, flors, i\/o regals. I fins i tot, lluny del material, \u2026 <a title=\"Feli\u00e7 Sant Valent\u00ed, i si no funciona?\" class=\"read-more\" href=\"https:\/\/eimediacion.edu.es\/cat\/ser-mediador\/san-valentin-mediacion\/\" aria-label=\"M\u00e9s informaci\u00f3 sobre Feli\u00e7 Sant Valent\u00ed, i si no funciona?\">Llegir m\u00e9s<\/a><\/p>","protected":false},"author":32,"featured_media":36886,"comment_status":"closed","ping_status":"closed","sticky":false,"template":"","format":"standard","meta":{"inline_featured_image":false,"footnotes":""},"categories":[25,27],"tags":[283],"class_list":["post-36859","post","type-post","status-publish","format-standard","has-post-thumbnail","hentry","category-ser-mediador","category-noticias-de-mediacion","tag-san-valentin"],"_links":{"self":[{"href":"https:\/\/eimediacion.edu.es\/cat\/wp-json\/wp\/v2\/posts\/36859","targetHints":{"allow":["GET"]}}],"collection":[{"href":"https:\/\/eimediacion.edu.es\/cat\/wp-json\/wp\/v2\/posts"}],"about":[{"href":"https:\/\/eimediacion.edu.es\/cat\/wp-json\/wp\/v2\/types\/post"}],"author":[{"embeddable":true,"href":"https:\/\/eimediacion.edu.es\/cat\/wp-json\/wp\/v2\/users\/32"}],"replies":[{"embeddable":true,"href":"https:\/\/eimediacion.edu.es\/cat\/wp-json\/wp\/v2\/comments?post=36859"}],"version-history":[{"count":0,"href":"https:\/\/eimediacion.edu.es\/cat\/wp-json\/wp\/v2\/posts\/36859\/revisions"}],"wp:featuredmedia":[{"embeddable":true,"href":"https:\/\/eimediacion.edu.es\/cat\/wp-json\/wp\/v2\/media\/36886"}],"wp:attachment":[{"href":"https:\/\/eimediacion.edu.es\/cat\/wp-json\/wp\/v2\/media?parent=36859"}],"wp:term":[{"taxonomy":"category","embeddable":true,"href":"https:\/\/eimediacion.edu.es\/cat\/wp-json\/wp\/v2\/categories?post=36859"},{"taxonomy":"post_tag","embeddable":true,"href":"https:\/\/eimediacion.edu.es\/cat\/wp-json\/wp\/v2\/tags?post=36859"}],"curies":[{"name":"wp","href":"https:\/\/api.w.org\/{rel}","templated":true}]}}