{"id":36256,"date":"2023-01-10T10:30:00","date_gmt":"2023-01-10T09:30:00","guid":{"rendered":"https:\/\/eimediacion.edu.es\/?p=36256"},"modified":"2023-01-09T12:08:00","modified_gmt":"2023-01-09T11:08:00","slug":"famosos-que-salieron-de-un-centro-de-menores","status":"publish","type":"post","link":"https:\/\/eimediacion.edu.es\/cat\/noticias-eim-menores\/famosos-que-salieron-de-un-centro-de-menores\/","title":{"rendered":"Famosos que van sortir de centres de menors"},"content":{"rendered":"<p><a href=\"https:\/\/www.linkedin.com\/showcase\/intervencionmenores\/\" target=\"_blank\" data-type=\"URL\" data-id=\"https:\/\/www.linkedin.com\/showcase\/intervencionmenores\/\" rel=\"noreferrer noopener nofollow\">(Aquesta not\u00edcia va sortir en prim\u00edcia al nostre Linkedin, segueix-nos i no et perdis totes les novetats)<\/a><\/p>\n\n\n\n<h2 class=\"wp-block-heading\">Estigma de la societat amb els centres de menors&nbsp;<\/h2>\n\n\n\n<p>A Espanya hi ha m\u00e9s de 16.000 menors que viuen a centres de protecci\u00f3, segons les dades de l&#039;Observatori de la Inf\u00e0ncia.&nbsp;&nbsp;<\/p>\n\n\n\n<p>L&#039;acolliment s&#039;adopta com a mesura protectora quan l&#039;entitat p\u00fablica detecta situacions de desprotecci\u00f3 d&#039;un menor, ja sigui perqu\u00e8 s&#039;hagi declarat en situaci\u00f3 de desemparament, perqu\u00e8 ho sol\u00b7licitin els pares o tutors davant la impossibilitat de cuidar-lo (guardes volunt\u00e0ries) o perqu\u00e8 ho acordi un jutge quan sigui procedent legalment (guarda judicial).&nbsp;<\/p>\n\n\n\n<p>Pel que fa als centres de reforma, aquest any a Espanya hi ha m\u00e9s de 13.000 menors amb sent\u00e8ncia ferma per la comissi\u00f3 d&#039;un delicte. hi ha aproximadament 4.000 menors complint mesures judicials a centres d&#039;internament.&nbsp;<\/p>\n\n\n<div class=\"wp-block-image\">\n<figure class=\"aligncenter size-large is-resized\"><img loading=\"lazy\" decoding=\"async\" src=\"https:\/\/eimediacion.edu.es\/wp-content\/uploads\/2023\/01\/aktau-kazakhstan-rixos-hotel-18-august-2020-architecture-summer-resort-hotel-1024x683.jpg\" alt=\"Aktau Kazakhstan Rixos Hotel 18 August 2020 Architecture Summer Resort Hotel\" class=\"wp-image-36261\" width=\"520\" height=\"346\" title=\"\" srcset=\"https:\/\/eimediacion.edu.es\/wp-content\/uploads\/2023\/01\/aktau-kazakhstan-rixos-hotel-18-august-2020-architecture-summer-resort-hotel-1024x683.jpg 1024w, https:\/\/eimediacion.edu.es\/wp-content\/uploads\/2023\/01\/aktau-kazakhstan-rixos-hotel-18-august-2020-architecture-summer-resort-hotel-261x174.jpg 261w, https:\/\/eimediacion.edu.es\/wp-content\/uploads\/2023\/01\/aktau-kazakhstan-rixos-hotel-18-august-2020-architecture-summer-resort-hotel-768x512.jpg 768w, https:\/\/eimediacion.edu.es\/wp-content\/uploads\/2023\/01\/aktau-kazakhstan-rixos-hotel-18-august-2020-architecture-summer-resort-hotel-1536x1024.jpg 1536w, https:\/\/eimediacion.edu.es\/wp-content\/uploads\/2023\/01\/aktau-kazakhstan-rixos-hotel-18-august-2020-architecture-summer-resort-hotel-2048x1365.jpg 2048w, https:\/\/eimediacion.edu.es\/wp-content\/uploads\/2023\/01\/aktau-kazakhstan-rixos-hotel-18-august-2020-architecture-summer-resort-hotel-1200x800.jpg 1200w\" sizes=\"auto, (max-width: 520px) 100vw, 520px\" \/><\/figure>\n<\/div>\n\n\n<p>S\u00f3n diversos els casos dels famosos que, abans d&#039;assolir la fama, durant la seva adolesc\u00e8ncia van passar per centres d&#039;acollida, per la situaci\u00f3 social de desprotecci\u00f3 en qu\u00e8 es trobaven, o per centres d&#039;internament, per haver com\u00e8s algun delicte.&nbsp;&nbsp;&nbsp;<\/p>\n\n\n\n<p>Tot seguit us expliquem el cas de dos famosos cantants espanyols i d&#039;un famosos actor conegut a tot el m\u00f3n.&nbsp;<\/p>\n\n\n\n<h2 class=\"gb-headline gb-headline-d2750fdf gb-headline-text\"><a href=\"https:\/\/www.instagram.com\/ayax_albayzin\/?hl=es\" data-type=\"URL\" data-id=\"https:\/\/www.instagram.com\/ayax_albayzin\/?hl=es\" target=\"_blank\" rel=\"noreferrer noopener nofollow\"><strong>Ayax<\/strong><\/a><\/h2>\n\n\n<div class=\"wp-block-image\">\n<figure class=\"alignright size-large is-resized\"><img loading=\"lazy\" decoding=\"async\" src=\"https:\/\/eimediacion.edu.es\/wp-content\/uploads\/2023\/01\/concierto-ayax-prok-tarragona-catalunya-2022-7-scaled-1-683x1024.jpg\" alt=\"Concierto Ayax Prok Tarragona Catalunya 2022 7 Scaled\" class=\"wp-image-36258\" width=\"231\" height=\"346\" title=\"\" srcset=\"https:\/\/eimediacion.edu.es\/wp-content\/uploads\/2023\/01\/concierto-ayax-prok-tarragona-catalunya-2022-7-scaled-1-683x1024.jpg 683w, https:\/\/eimediacion.edu.es\/wp-content\/uploads\/2023\/01\/concierto-ayax-prok-tarragona-catalunya-2022-7-scaled-1-116x174.jpg 116w, https:\/\/eimediacion.edu.es\/wp-content\/uploads\/2023\/01\/concierto-ayax-prok-tarragona-catalunya-2022-7-scaled-1-768x1152.jpg 768w, https:\/\/eimediacion.edu.es\/wp-content\/uploads\/2023\/01\/concierto-ayax-prok-tarragona-catalunya-2022-7-scaled-1-1024x1536.jpg 1024w, https:\/\/eimediacion.edu.es\/wp-content\/uploads\/2023\/01\/concierto-ayax-prok-tarragona-catalunya-2022-7-scaled-1-1366x2048.jpg 1366w, https:\/\/eimediacion.edu.es\/wp-content\/uploads\/2023\/01\/concierto-ayax-prok-tarragona-catalunya-2022-7-scaled-1-600x900.jpg 600w, https:\/\/eimediacion.edu.es\/wp-content\/uploads\/2023\/01\/concierto-ayax-prok-tarragona-catalunya-2022-7-scaled-1.jpg 1707w\" sizes=\"auto, (max-width: 231px) 100vw, 231px\" \/><\/figure>\n<\/div>\n\n\n<p>El jove nascut a l&#039;Albaic\u00edn de Granada, va comen\u00e7ar a rapejar als 12 anys i ara, amb poc m\u00e9s de 30, s&#039;ha convertit, juntament amb el seu bess\u00f3 Adri\u00e1n (Prok), en un dels grups de refer\u00e8ncia dins del panorama del rap hisp\u00e0 , arribant a al\u00e7ar-se amb un triple disc de plat\u00ed per Cara i creu, el seu debut en solitari i editat pel seu propi segell.&nbsp;&nbsp;<\/p>\n\n\n\n<p>A m\u00e9s d&#039;aquesta carrera, el raper \u00e9s un reconegut actor. El jove va debutar el 2020 a la gran pantalla amb el director Daniel Calparsoro amb Fins al cel i ha donat vida a Ninot a Rainbow, l&#039;\u00faltima pel\u00b7l\u00edcula de Paco Le\u00f3n.&nbsp;&nbsp;<\/p>\n\n\n\n<p>Per\u00f2 la vida d&#039;Ayax no ha estat gens f\u00e0cil. Segons ell mateix ha relatat a les seves xarxes socials, va passar un any al centre de menors Tierra de Oria (Almeria), on la seva experi\u00e8ncia va ser molt negativa, havent relatat i denunciat en diverses entrevistes la seva experi\u00e8ncia i les experi\u00e8ncies viscudes en aquest centre.&nbsp;<\/p>\n\n\n\n<h2 class=\"gb-headline gb-headline-f2836f78 gb-headline-text\"><a href=\"https:\/\/www.instagram.com\/el_moraddd\/?hl=es\" target=\"_blank\" data-type=\"URL\" data-id=\"https:\/\/www.instagram.com\/el_moraddd\/?hl=es\" rel=\"noreferrer noopener nofollow\"><strong>Moreu<\/strong>&nbsp;<\/a><\/h2>\n\n\n<div class=\"wp-block-image\">\n<figure class=\"alignleft size-full is-resized\"><img loading=\"lazy\" decoding=\"async\" src=\"https:\/\/eimediacion.edu.es\/wp-content\/uploads\/2023\/01\/el-cantante-morad-en-una-foto-de-su-instagram.jpeg\" alt=\"El Cantante Morad En Una Foto De Su Instagram\" class=\"wp-image-36259\" width=\"368\" height=\"275\" title=\"\" srcset=\"https:\/\/eimediacion.edu.es\/wp-content\/uploads\/2023\/01\/el-cantante-morad-en-una-foto-de-su-instagram.jpeg 654w, https:\/\/eimediacion.edu.es\/wp-content\/uploads\/2023\/01\/el-cantante-morad-en-una-foto-de-su-instagram-232x174.jpeg 232w\" sizes=\"auto, (max-width: 368px) 100vw, 368px\" \/><\/figure>\n<\/div>\n\n\n<p>Des que va llan\u00e7ar el seu primer senzill l&#039;any 2018, Morad El Khattouti El Horami ha esdevingut un dels grans referents de la m\u00fasica urbana al nostre pa\u00eds. Als 23 anys, aquest jove d&#039;ascend\u00e8ncia marroquina nascut el mar\u00e7 del 1999 al barri de la Florida de l&#039;Hospitalet de Llobregat, a Barcelona, supera els 4,6 milions d&#039;oients mensuals a Spotify ia Youtube compta amb m\u00e9s de 1 ,2 milions de subscriptors.&nbsp;<\/p>\n\n\n\n<p>Una de les seves can\u00e7ons forma de la banda sonora del FIFA 22, s&#039;ha convertit en imatge d&#039;OVO, la firma de moda de Drake i la seva entrada s&#039;esgoten al cap de poc temps de sortir a la venda.&nbsp;<\/p>\n\n\n\n<p>Abans que pass\u00e9s tot aix\u00f2 i es compl\u00eds el somni de viure de la m\u00fasica, Morad va tenir una adolesc\u00e8ncia complicada. El noi va estar en un centre d?acollida quan tenia 12 anys. Segons relata a les seves entrevistes la seva experi\u00e8ncia no va ser positiva. En l&#039;actualitat, Morad continua tenint problemes amb la just\u00edcia, havent estat absolt en un cas de robatori en un domicili i processat per inj\u00faries i cal\u00famnies a un agent dels Mossos d&#039;Esquadra, a qui va gravar mentre el multava per tenir el cotxe mal estacionat i despr\u00e9s va penjar les imatges a les xarxes socials.&nbsp;<\/p>\n\n\n\n<h2 class=\"gb-headline gb-headline-4d5607f8 gb-headline-text\"><strong><a href=\"https:\/\/www.instagram.com\/therock\/?hl=es\" target=\"_blank\" data-type=\"URL\" data-id=\"https:\/\/www.instagram.com\/therock\/?hl=es\" rel=\"noreferrer noopener nofollow\">Dwayne Johnson \u201cLa Roca\u201d<\/a><\/strong>&nbsp;<\/h2>\n\n\n<div class=\"wp-block-image\">\n<figure class=\"alignright size-large is-resized\"><img loading=\"lazy\" decoding=\"async\" src=\"https:\/\/eimediacion.edu.es\/wp-content\/uploads\/2023\/01\/dwayne-johnson-2-2013-794x1024.jpg\" alt=\"Dwayne Johnson 2, 2013\" class=\"wp-image-36260\" width=\"308\" height=\"398\" title=\"\" srcset=\"https:\/\/eimediacion.edu.es\/wp-content\/uploads\/2023\/01\/dwayne-johnson-2-2013-794x1024.jpg 794w, https:\/\/eimediacion.edu.es\/wp-content\/uploads\/2023\/01\/dwayne-johnson-2-2013-135x174.jpg 135w, https:\/\/eimediacion.edu.es\/wp-content\/uploads\/2023\/01\/dwayne-johnson-2-2013-768x990.jpg 768w, https:\/\/eimediacion.edu.es\/wp-content\/uploads\/2023\/01\/dwayne-johnson-2-2013.jpg 1000w\" sizes=\"auto, (max-width: 308px) 100vw, 308px\" \/><\/figure>\n<\/div>\n\n\n<p>Molts coneixen Dwayne Johnson \u201cLa Roca\u201d pels seus papers cinematogr\u00e0fics El seu primer paper a la pell d&#039;El rey escorpi\u00f3n (2002), ja anticipava l&#039;\u00e8xit que seguiria collint a partir de llavors. Des del 2013, Dwayne Johnson recull grans \u00e8xits al cinema comercial pel seu paper com Luke Hobbs a la franqu\u00edcia Fast and Furious, una de les franqu\u00edcies m\u00e9s populars del cinema d&#039;acci\u00f3.&nbsp;<\/p>\n\n\n\n<p>Per\u00f2 fins arribar aqu\u00ed, la vida d&#039;aquest conegut actor tamb\u00e9 ha tingut les ombres. Durant la seva adolesc\u00e8ncia va participar en furts menors, es va involucrar en diverses baralles de carrer ia un delicte de frau. Als 17 anys un jutge el va condemnar a participar en una mena de campament militar amb serveis comunitaris. La sortida d&#039;aquest m\u00f3n es va produir a trav\u00e9s de l&#039;esport, arribant a ser professional de lluita lliure i de futbol americ\u00e0, arribant a tenir una beca de la Universitat de Miami amb qu\u00e8 es va graduar en Criminologia i Fisiologia, a canvi que ell jugu\u00e9s per al vostre equip.&nbsp;<\/p>\n\n\n\n<p>Ha arribat a ser vuit vegades Campi\u00f3 de la WWE, dues vegades Campi\u00f3 Intercontinental de la WWE, cinc vegades Campi\u00f3 Mundial a Parelles, dues vegades Campi\u00f3 de la WCW, guanyador del Royal Rumble 2000 i Campi\u00f3 de les Tres Corones.&nbsp;<\/p>\n\n\n\n<p>L&#039;adolesc\u00e8ncia \u00e9s un moment per establir la independ\u00e8ncia i con\u00e8ixer on s\u00f3n els l\u00edmits. A mesura que els adolescents deixen enrere les limitacions de la infantesa i arriben a l&#039;edat adulta, necessiten ajuda per manejar tots els canvis que el proc\u00e9s comporta.&nbsp;<\/p>\n\n\n\n<p>Com sabem tots els professionals de l&#039;educaci\u00f3, els l\u00edmits s\u00f3n essencials en aquesta etapa. Els adolescents necessiten estructures i pautes clares, ja que tenen molts canvis per afrontar en les seves vides.&nbsp;&nbsp;<\/p>\n\n\n\n<p>Aix\u00f2 no obstant, tal com podem veure en aquests exemples, un mal inici no \u00e9s sempre el principi d&#039;una mala hist\u00f2ria i els exemples de resili\u00e8ncia, com la capacitat per adaptar-se a les situacions adverses amb resultats positius, existeixen.&nbsp;<\/p>\n\n\n\n<p>Els centres de menors els van canviar la vida reinserint-los a la societat i donant-los l&#039;oportunitat de cr\u00e9ixer i millorar. Si vols formar-te i treballar en un centre de menors, <a href=\"https:\/\/eimediacion.edu.es\/cat\/promocion\/posgrado-intervencion-menores\/\" target=\"_blank\" data-type=\"URL\" data-id=\"https:\/\/eimediacion.edu.es\/promocion\/posgrado-intervencion-menores\/\" rel=\"noreferrer noopener\">aquesta \u00e9s la teva oportunitat.<\/a>  <\/p>","protected":false},"excerpt":{"rendered":"<p>A Espanya hi ha m\u00e9s de 16.000 menors que viuen a centres de protecci\u00f3, segons les dades de l&#039;Observatori de la Inf\u00e0ncia.\u00a0\u00a0<\/p>","protected":false},"author":6,"featured_media":36257,"comment_status":"closed","ping_status":"closed","sticky":false,"template":"","format":"standard","meta":{"inline_featured_image":false,"footnotes":""},"categories":[222],"tags":[274],"class_list":["post-36256","post","type-post","status-publish","format-standard","has-post-thumbnail","hentry","category-noticias-eim-menores","tag-famosos-centro-de-menores"],"_links":{"self":[{"href":"https:\/\/eimediacion.edu.es\/cat\/wp-json\/wp\/v2\/posts\/36256","targetHints":{"allow":["GET"]}}],"collection":[{"href":"https:\/\/eimediacion.edu.es\/cat\/wp-json\/wp\/v2\/posts"}],"about":[{"href":"https:\/\/eimediacion.edu.es\/cat\/wp-json\/wp\/v2\/types\/post"}],"author":[{"embeddable":true,"href":"https:\/\/eimediacion.edu.es\/cat\/wp-json\/wp\/v2\/users\/6"}],"replies":[{"embeddable":true,"href":"https:\/\/eimediacion.edu.es\/cat\/wp-json\/wp\/v2\/comments?post=36256"}],"version-history":[{"count":0,"href":"https:\/\/eimediacion.edu.es\/cat\/wp-json\/wp\/v2\/posts\/36256\/revisions"}],"wp:featuredmedia":[{"embeddable":true,"href":"https:\/\/eimediacion.edu.es\/cat\/wp-json\/wp\/v2\/media\/36257"}],"wp:attachment":[{"href":"https:\/\/eimediacion.edu.es\/cat\/wp-json\/wp\/v2\/media?parent=36256"}],"wp:term":[{"taxonomy":"category","embeddable":true,"href":"https:\/\/eimediacion.edu.es\/cat\/wp-json\/wp\/v2\/categories?post=36256"},{"taxonomy":"post_tag","embeddable":true,"href":"https:\/\/eimediacion.edu.es\/cat\/wp-json\/wp\/v2\/tags?post=36256"}],"curies":[{"name":"wp","href":"https:\/\/api.w.org\/{rel}","templated":true}]}}