{"id":35349,"date":"2022-09-28T13:34:09","date_gmt":"2022-09-28T11:34:09","guid":{"rendered":"https:\/\/eimediacion.edu.es\/?p=35349"},"modified":"2022-09-28T13:34:34","modified_gmt":"2022-09-28T11:34:34","slug":"ofertas-de-empleo-en-intervencion-con-menores-del-26-de-septiembre-al-2-de-octubre","status":"publish","type":"post","link":"https:\/\/eimediacion.edu.es\/cat\/ofertas-para-educadores-sociales\/ofertas-de-empleo-en-intervencion-con-menores-del-26-de-septiembre-al-2-de-octubre\/","title":{"rendered":"Ofertes de feina en intervenci\u00f3 amb menors del 26 de setembre al 2 doctubre"},"content":{"rendered":"<h2 class=\"wp-block-heading\" id=\"mediador-en-barcelona\"><strong><mark style=\"background-color:rgba(0, 0, 0, 0);color:#8f2d3b\" class=\"has-inline-color\">Ocupaci\u00f3 Educador\/a social a C\u00f2rdova. <\/mark><\/strong><\/h2>\n\n\n\n<p id=\"descripcion\"><strong>Descripci\u00f3<\/strong> <strong>del lloc<\/strong><\/p>\n\n\n\n<p>S&#039;ofereix 1 lloc de treball com a educador\/a social per a centre de menors a C\u00f2rdova.  <\/p>\n\n\n\n<p><strong>Funcions<\/strong><\/p>\n\n\n\n<ul class=\"wp-block-list\"><li>Suport als educadors en el desenvolupament de metodologies facilitant espais de conviv\u00e8ncia afectiva.<\/li><li>Acompanyar els menors en els trasllats i sortides, consultar, excursions, animaci\u00f3 del lleure.<\/li><li>Elabora i emplena tots els documents que es considerin oportuns, d&#039;acord amb les seves funcions.<\/li><li>Participa en l&#039;elaboraci\u00f3 de projectes espec\u00edfics en funci\u00f3 de les necessitats dels menors i les activitats del centre.<\/li><\/ul>\n\n\n\n<p><strong>Requisits<\/strong><\/p>\n\n\n\n<ul class=\"wp-block-list\"><li>Educaci\u00f3 social i formaci\u00f3 espec\u00edfica en intervenci\u00f3 amb menors.<\/li><li>Coneixement del sistema de protecci\u00f3 de menors d&#039;Andalusia.<\/li><li>Capacitat per treballar en equip multidisciplinar.<\/li><li>2 anys d&#039;experi\u00e8ncia demostrable a centres de menors amb problemes de conducta o 300 hores de formaci\u00f3 en intervenci\u00f3 amb menors.<\/li><\/ul>\n\n\n\n<p>Pots<strong> inscriure&#039;t en aquesta oferta de treball <\/strong>per treballar com a mediador\/a fent <a href=\"https:\/\/es.jobauk.com\/jobs\/136314?utm_campaign=google_jobs_apply&amp;utm_source=google_jobs_apply&amp;utm_medium=organic\" data-type=\"URL\" data-id=\"https:\/\/es.jobauk.com\/jobs\/136314?utm_campaign=google_jobs_apply&amp;utm_source=google_jobs_apply&amp;utm_medium=organic\" rel=\"nofollow noopener\" target=\"_blank\">clic aqu\u00ed.<\/a><\/p>\n\n\n\n<h2 class=\"wp-block-heading\" id=\"mediador-a-social-en-madrid\"><mark style=\"background-color:rgba(0, 0, 0, 0);color:#8f2d3b\" class=\"has-inline-color\"><strong>Ocupaci\u00f3<\/strong> <strong>Educador\/a social a Navarra. <\/strong><\/mark><\/h2>\n\n\n\n<p><strong>Descripci\u00f3 del lloc<\/strong><\/p>\n\n\n\n<p>Es busca 1 educador\/a social a Navarra.  <\/p>\n\n\n\n<p><strong>Funcions<\/strong><\/p>\n\n\n\n<ul class=\"wp-block-list\"><li>Atenci\u00f3 directa a les persones menors d&#039;edat de la interacci\u00f3 socioeducativa i avaluaci\u00f3 de cada cas.<\/li><li>Elaborar el programa educatiu individual en el marc del pla de cas corresponent.<\/li><li>Exercir amb prioritat setmanal lacci\u00f3 tutorial deducador o educadora sobre les persones.<\/li><li>Assumir la responsabilitat en el\u00e0mbit de les seues compet\u00e8ncies per a la presa de decisions o mesures necess\u00e0ries.<\/li><\/ul>\n\n\n\n<p><strong>Requisits<\/strong><\/p>\n\n\n\n<ul class=\"wp-block-list\"><li>Professional amb titulaci\u00f3 en educaci\u00f3 social.<\/li><li>Almenys 1 any d&#039;experi\u00e8ncia en les funcions i tasques descrites a l&#039;oferta d&#039;ocupaci\u00f3.<\/li><li>Molt valorable l\u201faportaci\u00f3 d\u201fexperi\u00e8ncia en \u00e0mbits similars al descrit.<\/li><li>Contacte amb l\u00b4\u00e0mbit del menor en reforma.<\/li><\/ul>\n\n\n\n<p>Pots<strong> inscriure&#039;t en aquesta oferta de treball<\/strong> per treballar com a mediador\/a fent <a href=\"https:\/\/www.infojobs.net\/tudela\/educador-medio-abierto\/of-i4745fb6c5c4251b25423cd514824be?applicationOrigin=search-new&amp;page=1&amp;sortBy=RELEVANCE\" data-type=\"URL\" data-id=\"https:\/\/www.infojobs.net\/tudela\/educador-medio-abierto\/of-i4745fb6c5c4251b25423cd514824be?applicationOrigin=search-new&amp;page=1&amp;sortBy=RELEVANCE\" rel=\"nofollow noopener\" target=\"_blank\">clic aqu\u00ed.<\/a><\/p>\n\n\n\n<h2 class=\"wp-block-heading\" id=\"mediador-a-social-en-madrid\"><strong><mark style=\"background-color:rgba(0, 0, 0, 0);color:#8f2d3b\" class=\"has-inline-color\">Ocupaci\u00f3 Educador\/a social a Castell\u00f3<\/mark><\/strong><\/h2>\n\n\n\n<p><strong>Descripci\u00f3 del lloc<\/strong><\/p>\n\n\n\n<p>Es busca 1 educador\/a social a Castell\u00f3 de la Plana (Castell\u00f3). <\/p>\n\n\n\n<p><strong>Funcions<\/strong><\/p>\n\n\n\n<ul class=\"wp-block-list\"><li>Realitzar tasques dintervenci\u00f3 educativa amb els NNA realitzant funcions dorientaci\u00f3.<\/li><li>Organitza la vida quotidiana i at\u00e9n les necessitats dels grups d&#039;acord amb el que preveuen la normativitat vigent.<\/li><li>Supervisa la feina de l&#039;auxiliar t\u00e8cnic educatiu i del controlador\/a.<\/li><li>Administra la mediaci\u00f3 elaborada i preparada pel personal competent quan no es trobe al centre el personal sanitari. <\/li><\/ul>\n\n\n\n<p><strong>Requisits<\/strong><\/p>\n\n\n\n<ul class=\"wp-block-list\"><li>Titulaci\u00f3 en educaci\u00f3 social.<\/li><li>Recomanable: formaci\u00f3 complement\u00e0ria i espec\u00edfica en protecci\u00f3 d&#039;inf\u00e0ncia i adolesc\u00e8ncia de 100 hores.<\/li><li>Experi\u00e8ncia al lloc d&#039;almenys 2 anys.<\/li><li>Certificat de Delictes de Natura Sexual (sent negatiu)<\/li><li>Assertivitat, empatia, treball en equip.<\/li><\/ul>\n\n\n\n<p>Pots<strong> inscriure&#039;t en aquesta oferta de treball<\/strong> per treballar com a mediador\/a fent <a href=\"https:\/\/www.hacesfalta.org\/oportunidades\/remuneradas\/detalle\/-educacion-social--residencia-de-acogimiento-de-atencion-a-la-infancia-y-adolescencia-plana-alta\/212412\" data-type=\"URL\" data-id=\"https:\/\/www.hacesfalta.org\/oportunidades\/remuneradas\/detalle\/-educacion-social--residencia-de-acogimiento-de-atencion-a-la-infancia-y-adolescencia-plana-alta\/212412\" rel=\"nofollow noopener\" target=\"_blank\">clic aqu\u00ed<\/a><a href=\"https:\/\/www.infojobs.net\/basauri\/personal-educativo-centro-menores-graves-problemas-conducta\/of-ie43c78bd354c258f4a742cb44dcfcc?applicationOrigin=search-new&amp;page=1&amp;sortBy=RELEVANCE\" data-type=\"URL\" data-id=\"https:\/\/www.infojobs.net\/basauri\/personal-educativo-centro-menores-graves-problemas-conducta\/of-ie43c78bd354c258f4a742cb44dcfcc?applicationOrigin=search-new&amp;page=1&amp;sortBy=RELEVANCE\" rel=\"nofollow noopener\" target=\"_blank\">.<\/a><\/p>","protected":false},"excerpt":{"rendered":"<p>Us portem algunes ofertes d&#039;educadors socials que us poden interessar. No et perdis aquesta oportunitat! <\/p>","protected":false},"author":6,"featured_media":35350,"comment_status":"closed","ping_status":"closed","sticky":false,"template":"","format":"standard","meta":{"inline_featured_image":false,"footnotes":""},"categories":[224,222,161],"tags":[206,205,207],"class_list":["post-35349","post","type-post","status-publish","format-standard","has-post-thumbnail","hentry","category-ofertas-para-educadores-sociales","category-noticias-eim-menores","category-ofertas-laborales","tag-empleo","tag-ofertas","tag-trabajo"],"_links":{"self":[{"href":"https:\/\/eimediacion.edu.es\/cat\/wp-json\/wp\/v2\/posts\/35349","targetHints":{"allow":["GET"]}}],"collection":[{"href":"https:\/\/eimediacion.edu.es\/cat\/wp-json\/wp\/v2\/posts"}],"about":[{"href":"https:\/\/eimediacion.edu.es\/cat\/wp-json\/wp\/v2\/types\/post"}],"author":[{"embeddable":true,"href":"https:\/\/eimediacion.edu.es\/cat\/wp-json\/wp\/v2\/users\/6"}],"replies":[{"embeddable":true,"href":"https:\/\/eimediacion.edu.es\/cat\/wp-json\/wp\/v2\/comments?post=35349"}],"version-history":[{"count":0,"href":"https:\/\/eimediacion.edu.es\/cat\/wp-json\/wp\/v2\/posts\/35349\/revisions"}],"wp:featuredmedia":[{"embeddable":true,"href":"https:\/\/eimediacion.edu.es\/cat\/wp-json\/wp\/v2\/media\/35350"}],"wp:attachment":[{"href":"https:\/\/eimediacion.edu.es\/cat\/wp-json\/wp\/v2\/media?parent=35349"}],"wp:term":[{"taxonomy":"category","embeddable":true,"href":"https:\/\/eimediacion.edu.es\/cat\/wp-json\/wp\/v2\/categories?post=35349"},{"taxonomy":"post_tag","embeddable":true,"href":"https:\/\/eimediacion.edu.es\/cat\/wp-json\/wp\/v2\/tags?post=35349"}],"curies":[{"name":"wp","href":"https:\/\/api.w.org\/{rel}","templated":true}]}}