{"id":27087,"date":"2021-06-21T09:17:10","date_gmt":"2021-06-21T09:17:10","guid":{"rendered":"https:\/\/eimediacion.edu.es\/?p=24656"},"modified":"2021-07-08T14:00:51","modified_gmt":"2021-07-08T12:00:51","slug":"la-mediacion-para-resolver-conflictos-vecinales","status":"publish","type":"post","link":"https:\/\/eimediacion.edu.es\/cat\/ser-mediador\/noticias-de-mediacion\/la-mediacion-para-resolver-conflictos-vecinales\/","title":{"rendered":"La mediaci\u00f3 en Seguretat P\u00fablica aconsegueix resoldre m\u00e9s de 500 conflictes ve\u00efnals"},"content":{"rendered":"<p>La mediaci\u00f3 per resoldre conflictes ve\u00efnals permet que es solucionin problemes r\u00e0pids i s&#039;evita que arribin a ser delictes. Es pot fer de manera \u00e0gil, transparent i eficient.<\/p>\n\n\n\n<h2 class=\"wp-block-heading\">Import\u00e0ncia de solucionar conflictes comunitaris<\/h2>\n\n\n\n<p>Els conflictes comunitaris s\u00f3n un problema com\u00fa que es pot solucionar mitjan\u00e7ant la mediaci\u00f3, per evitar la viol\u00e8ncia i que es disminueixi la reincid\u00e8ncia en faltes administratives. <\/p>\n\n\n\n<p>La mediaci\u00f3 per resoldre conflictes ve\u00efnals anir\u00e0 de la m\u00e0 amb la Just\u00edcia C\u00edvica, per aconseguir una conviv\u00e8ncia ciutadana millor, promoure la cultura de la legalitat i mantenir l&#039;ordre p\u00fablic. <\/p>\n\n\n\n<p>Aix\u00f2 ha passat al municipi de Chihuahua, i aix\u00ed ens ho explica el<a href=\"https:\/\/www.elheraldodechihuahua.com.mx\/local\/a-traves-de-mediacion-atiende-seguridad-publica-mas-de-500-conflictos-vecinales-local-colonias-conflictos-policias-chihuahua-6859958.html\" rel=\"nofollow noopener\" target=\"_blank\"> Herald de Chihuahua<\/a>. El subdirector de Just\u00edcia C\u00edvica, Ricardo Marqu\u00e9s Ramirez, va indicar que gr\u00e0cies a la figura del mediador comunitari s&#039;han obtingut bons resultats. <\/p>\n\n\n\n<div class=\"wp-block-image\"><figure class=\"aligncenter size-large is-resized\"><a href=\"https:\/\/eimediacion.edu.es\/wp-content\/uploads\/2021\/06\/la-mediacion-para-resolver-conflictos-vecinales-scaled-1.jpg\"><img loading=\"lazy\" decoding=\"async\" src=\"https:\/\/eimediacion.edu.es\/wp-content\/uploads\/la-mediacion-para-resolver-conflictos-vecinales-1024x683.jpg\" alt=\"la mediaci\u00f3n para resolver conflictos vecinales\" class=\"wp-image-24664\" width=\"504\" height=\"336\" title=\"\"><\/a><\/figure><\/div>\n\n\n\n<h2 class=\"wp-block-heading\">Proc\u00e9s de mediaci\u00f3 social<\/h2>\n\n\n\n<p>Els protagonistes s\u00f3n involucrats en la mediaci\u00f3 per solucionar els seus propis conflictes abans que calgui arribar fins al Ministeri P\u00fablic oa les inst\u00e0ncies judicials. <\/p>\n\n\n\n<p>Quan hi ha un conflicte entre ve\u00efns ia m\u00e9s hi ha una sol\u00b7licitud dintervenci\u00f3 de lautoritat municipal, sinicia el procediment de mediaci\u00f3 mitjan\u00e7ant la Just\u00edcia C\u00edvica per a ambdues parts.<\/p>\n\n\n\n<p>Els experts en mediaci\u00f3 social intentar arribar a un acord que benefici\u00ef les dues parts, a trav\u00e9s d&#039;un conveni que se signa per donar compliment a all\u00f2 pactat. <\/p>\n\n\n\n<p>Hi ha un seguiment per als casos que sol\u00b7licitin mediaci\u00f3 per assegurar-se que es compleixi amb all\u00f2 establert i el conflicte se solucioni. <\/p>\n\n\n\n<p>Amb el <a href=\"https:\/\/eimediacion.edu.es\/cat\/master-en-mediacion-y-gestion-de-conflictos-multidisciplinares\/\">M\u00e0ster en Mediaci\u00f3 i Gesti\u00f3 de Conflictes Multidisciplinaris<\/a> obtindr\u00e0s les compet\u00e8ncies professionals que ha de tenir tot mediador i poder solucionar problemes com els descrits anteriorment. <\/p>","protected":false},"excerpt":{"rendered":"<p>La mediaci\u00f3 per resoldre conflictes ve\u00efnals va de la m\u00e0 de la Just\u00edcia C\u00edvica al municipi de Chihuahua. T&#039;expliquem m\u00e9s!<\/p>","protected":false},"author":6,"featured_media":24663,"comment_status":"closed","ping_status":"closed","sticky":false,"template":"","format":"standard","meta":{"inline_featured_image":false,"footnotes":""},"categories":[27,25],"tags":[],"class_list":["post-27087","post","type-post","status-publish","format-standard","has-post-thumbnail","hentry","category-noticias-de-mediacion","category-ser-mediador"],"_links":{"self":[{"href":"https:\/\/eimediacion.edu.es\/cat\/wp-json\/wp\/v2\/posts\/27087","targetHints":{"allow":["GET"]}}],"collection":[{"href":"https:\/\/eimediacion.edu.es\/cat\/wp-json\/wp\/v2\/posts"}],"about":[{"href":"https:\/\/eimediacion.edu.es\/cat\/wp-json\/wp\/v2\/types\/post"}],"author":[{"embeddable":true,"href":"https:\/\/eimediacion.edu.es\/cat\/wp-json\/wp\/v2\/users\/6"}],"replies":[{"embeddable":true,"href":"https:\/\/eimediacion.edu.es\/cat\/wp-json\/wp\/v2\/comments?post=27087"}],"version-history":[{"count":0,"href":"https:\/\/eimediacion.edu.es\/cat\/wp-json\/wp\/v2\/posts\/27087\/revisions"}],"wp:featuredmedia":[{"embeddable":true,"href":"https:\/\/eimediacion.edu.es\/cat\/wp-json\/wp\/v2\/media\/24663"}],"wp:attachment":[{"href":"https:\/\/eimediacion.edu.es\/cat\/wp-json\/wp\/v2\/media?parent=27087"}],"wp:term":[{"taxonomy":"category","embeddable":true,"href":"https:\/\/eimediacion.edu.es\/cat\/wp-json\/wp\/v2\/categories?post=27087"},{"taxonomy":"post_tag","embeddable":true,"href":"https:\/\/eimediacion.edu.es\/cat\/wp-json\/wp\/v2\/tags?post=27087"}],"curies":[{"name":"wp","href":"https:\/\/api.w.org\/{rel}","templated":true}]}}