{"id":24669,"date":"2021-06-23T11:13:37","date_gmt":"2021-06-23T11:13:37","guid":{"rendered":"https:\/\/eimediacion.edu.es\/?p=24669"},"modified":"2021-07-15T12:23:47","modified_gmt":"2021-07-15T10:23:47","slug":"mediaciones-en-las-vacaciones-familiares","status":"publish","type":"post","link":"https:\/\/eimediacion.edu.es\/cat\/ser-mediador\/noticias-de-mediacion\/mediaciones-en-las-vacaciones-familiares\/","title":{"rendered":"Mediacions per vacances"},"content":{"rendered":"<p>S&#039;acosten les vacances, una \u00e8poca que te\u00f2ricament es dedica al<strong> descans i el lleure<\/strong>, per\u00f2 curiosament en aquestes dates \u00e9s quan solen<strong> sorgir m\u00e9s conflictes<\/strong>.&nbsp;<\/p>\n\n\n\n<p>Cada any hi ha un repunt de casos de <strong>mediaci\u00f3 familiar<\/strong> despr\u00e9s de les festes nadalenques i al voltant de l&#039;estiu, s\u00f3n dates que moltes persones usen per compartir temps amb la fam\u00edlia extensa i cada membre de la fam\u00edlia pot tenir prefer\u00e8ncies i actituds diferents que poden arribar a xocar i fer que saltin espurnes.&nbsp;&nbsp;<\/p>\n\n\n\n<h2 class=\"wp-block-heading\">Conflictes generats per la presa de decisions<\/h2>\n\n\n\n<p>La <strong>presa de decisions<\/strong> que aquesta \u00e8poca comporta requereix acordar diferents aspectes que poden generar conflictes en diferents \u00e0mbits.&nbsp;&nbsp;<\/p>\n\n\n\n<p>Triar si es viatja o no, acordar el lloc on anar, optar per \u00fas de complex hoteler o habitatge de lloguer, decidir si es visita a familiars o amics, entre altres eleccions poden<strong> generar conflictes<\/strong> que b\u00e9 es poden resoldre en poques sessions de mediaci\u00f3.&nbsp;&nbsp;<\/p>\n\n\n\n<p>Cada persona t\u00e9 una <strong>forma diferent de fer servir el temps d&#039;oci<\/strong>, ja que hi ha qui ho dedica a descansar i hi ha qui es pren les vacances de manera activa per fer coses noves i visitar altres llocs, aix\u00f2 tamb\u00e9 tendeix a generar conflictes d&#039;interessos.&nbsp;&nbsp;<\/p>\n\n\n\n<h2 class=\"wp-block-heading\">Organitzaci\u00f3 familiar a les vacances<\/h2>\n\n\n\n<p>Per\u00f2 on realment es troben la majoria de les mediacions \u00e9s a la <strong>organitzaci\u00f3 familiar que suposa tenir vacances.<\/strong> Els nois i les noies acaben les classes als seus centres educatius i solen tenir m\u00e9s temps de vacances que aquells dies que poden correspondre als seus progenitors. <\/p>\n\n\n\n<p>De vegades, els pares i mares decideixen no fer coincidir les vacances sin\u00f3 tenir-les consecutives, de manera que la parella no passa temps junta i aix\u00f2 tamb\u00e9 genera un <strong>desgast important en la relaci\u00f3<\/strong>. <\/p>\n\n\n\n<p>A m\u00e9s, quan les vacances dels progenitors no coincideixen, cada un ha de fer-se c\u00e0rrec de certes responsabilitats mentre la seva parella treballa i no sempre estan disposades a assumir-les.&nbsp;&nbsp;<\/p>\n\n\n\n<div class=\"wp-block-image\"><figure class=\"aligncenter size-large is-resized\"><a href=\"https:\/\/eimediacion.edu.es\/wp-content\/uploads\/2021\/06\/mediacion-en-vacaciones-para-evitar-conflictos-scaled-1.jpg\"><img loading=\"lazy\" decoding=\"async\" src=\"https:\/\/eimediacion.edu.es\/wp-content\/uploads\/mediacion-en-vacaciones-para-evitar-conflictos-1024x683.jpg\" alt=\"mediacion para evitar conflictos en vacaciones\" class=\"wp-image-24678\" width=\"594\" height=\"396\" title=\"\"><\/a><\/figure><\/div>\n\n\n\n<h2 class=\"wp-block-heading\">Causes que originen conflictes<\/h2>\n\n\n\n<h3 class=\"wp-block-heading\">Conflictes Intergeneracionals<\/h3>\n\n\n\n<p>De vegades es<strong> deleguen responsabilitats<\/strong> en la gent gran fent que aquests es facin c\u00e0rrec dels menors per un temps fins que els progenitors puguin accedir al seu temps de vacances.<\/p>\n\n\n\n<p>\u00c9s llavors quan apareixen els <strong>conflictes intergeneracionals<\/strong>, ja que la forma d&#039;atendre els menors per part dels avis pot diferir de la que els pares consideren m\u00e9s adequada. <\/p>\n\n\n\n<p>En mediaci\u00f3 es poden establir els <strong>aspectes<\/strong> que es permetran als fills i filles, les responsabilitats que aquests assumiran amb els seus avis, per\u00f2 ja que els avis estan fent l&#039;esfor\u00e7 de fer-se responsables dels n\u00e9ts, tampoc no \u00e9s convenient reprendre&#039;ls per la seva actitud.&nbsp;&nbsp;<\/p>\n\n\n\n<h3 class=\"wp-block-heading\">Conflictes per difer\u00e8ncies en els gustos<\/h3>\n\n\n\n<p>En altres casos la fam\u00edlia completa pot passar les vacances junta, cosa que inicialment pot semblar benefici\u00f3s, per\u00f2 en aquestes situacions pot ser <strong>dif\u00edcil conciliar <\/strong>el que volen fer els menors amb les prefer\u00e8ncies dels adults i m\u00e9s encara si entre els adults hi ha pares i avis amb <strong>diferents gustos. <\/strong><\/p>\n\n\n\n<p>El temps compartit en fam\u00edlia tamb\u00e9 \u00e9s una <strong>font de conflictes<\/strong>, ja que com m\u00e9s temps passin junts m\u00e9s frecs poden passar i \u00e9s important saber gestionar-los perqu\u00e8 un malent\u00e8s no acabi en un conflicte enquistat. <\/p>\n\n\n\n<p>Aqu\u00ed entra en joc la<strong> part preventiva de la mediaci\u00f3<\/strong>, en qu\u00e8 es poden acordar pr\u00e8viament determinats aspectes que es pot preveure que generaran dificultats en la conviv\u00e8ncia i aclariran les situacions abans que passin a grans.&nbsp;&nbsp;<\/p>\n\n\n\n<h3 class=\"wp-block-heading\">Conflictes en comunitats de ve\u00efns<\/h3>\n\n\n\n<p>Una altra font de conflictes en vacances que generen for\u00e7a mediacions s\u00f3n les&nbsp;<strong>comunitats de ve\u00efns<\/strong>, i m\u00e9s amb la situaci\u00f3 de pand\u00e8mia actual.&nbsp;<\/p>\n\n\n\n<p>Generalment, en un any sense pand\u00e8mia els ve\u00efns i ve\u00efnes s&#039;enfronten a <strong>decisions sobre l\u00fas despais <\/strong>comuns a les urbanitzacions, les mascotes que passen hores desateses als pisos fent soroll mentre els seus amos estan fora, els sorolls d&#039;altres persones ja siguin propiet\u00e0ries o inquilines. <\/p>\n\n\n\n<p>A m\u00e9s, hi ha complexos d&#039;habitatges que en aquestes dates tendeixen a decidir la <strong>manera d&#039;afrontar les despeses<\/strong> que suposa fer \u00fas de la piscina, contractar servei de socorrisme, seguretat privada o jardineria amb vista a l&#039;\u00e8poca estival.&nbsp;&nbsp;<\/p>\n\n\n\n<h3 class=\"wp-block-heading\">Conflictes per locals al costat dels habitatges<\/h3>\n\n\n\n<p>Tamb\u00e9 es produeixen trastorns causats per <strong>locals al costat dels habitatges<\/strong>, ja siguin per sorolls de les persones que fan \u00fas del local, per la sortida de fums de les cuines o per l&#039;acumulaci\u00f3 de persones a les portes d&#039;aquest fumant o xerrant.&nbsp;&nbsp;<\/p>\n\n\n\n<h3 class=\"wp-block-heading\">Conflictes pels pisos de lloguer tur\u00edstic<\/h3>\n\n\n\n<p>Els<strong> pisos de lloguer tur\u00edstic<\/strong> v\u00e9nen sent un motiu recurrent en mediaci\u00f3, ja que de vegades les persones propiet\u00e0ries dels habitatges els lloguen i es desentenen de l&#039;\u00fas que se&#039;n faci, l&#039;actitud d&#039;oci i gaudi que adopten en ocasions les persones que ocupen aquests habitatges xoquen amb les necessitats de descans de la resta del ve\u00efnat.&nbsp;&nbsp;<\/p>\n\n\n\n<h3 class=\"wp-block-heading\">Conflictes generats per la pand\u00e8mia<\/h3>\n\n\n\n<p>A m\u00e9s, en \u00e8poca de pand\u00e8mia s&#039;han de decidir si s&#039;obriran les <strong>piscines comunit\u00e0ries<\/strong> i de quina manera se&#039;n far\u00e0 \u00fas, si es distribueixen per hores, per dies, per blocs, etc. <\/p>\n\n\n\n<p>De la mateixa manera s&#039;hauran de prendre decisions sobre la <strong>obertura de locals socials o guinguetes&nbsp;<\/strong>situats a l&#039;interior de les urbanitzacions. <\/p>\n\n\n\n<p>L&#039;any passat durant la pand\u00e8mia es van establir for\u00e7a acords en relaci\u00f3 amb aquests aspectes, fins i tot sobre l&#039;\u00fas que podien fer els ve\u00efns i ve\u00efnes d&#039;espais comuns com a<strong>zotees o garatges comunitaris<\/strong> per fer esport i altres activitats durant el confinament.&nbsp;&nbsp;<\/p>\n\n\n\n<p>\u00c9s important anticipar-se a aquest tipus de conflictes per evitar conseq\u00fc\u00e8ncies negatives posteriors. Per aix\u00f2, una tasca a complir \u00e9s passar per un <strong>proc\u00e9s de mediaci\u00f3<\/strong> a les vacances familiars i poder gaudir d\u00b4unes bones vacances. <\/p>\n\n\n\n<p>Si vols formar-te com a mediador i poder gestionar conflictes com els descrits anteriorment, pots fer-ho amb el<a href=\"https:\/\/eimediacion.edu.es\/cat\/master-en-mediacion-y-gestion-de-conflictos-multidisciplinares\/\"> M\u00e0ster en Mediaci\u00f3 i Gesti\u00f3 de Conflictes Multidisciplinaris<\/a> on podr\u00e0s obtenir les compet\u00e8ncies necess\u00e0ries per treballar com a mediador\/a. <\/p>","protected":false},"excerpt":{"rendered":"<p>La Mediaci\u00f3 durant les vacances familiars s&#039;ha de fer moltes fam\u00edlies per solucionar problemes. T&#039;expliquem m\u00e9s!<\/p>","protected":false},"author":21,"featured_media":24684,"comment_status":"closed","ping_status":"closed","sticky":false,"template":"","format":"standard","meta":{"inline_featured_image":false,"footnotes":""},"categories":[27,25],"tags":[],"class_list":["post-24669","post","type-post","status-publish","format-standard","has-post-thumbnail","hentry","category-noticias-de-mediacion","category-ser-mediador"],"_links":{"self":[{"href":"https:\/\/eimediacion.edu.es\/cat\/wp-json\/wp\/v2\/posts\/24669","targetHints":{"allow":["GET"]}}],"collection":[{"href":"https:\/\/eimediacion.edu.es\/cat\/wp-json\/wp\/v2\/posts"}],"about":[{"href":"https:\/\/eimediacion.edu.es\/cat\/wp-json\/wp\/v2\/types\/post"}],"author":[{"embeddable":true,"href":"https:\/\/eimediacion.edu.es\/cat\/wp-json\/wp\/v2\/users\/21"}],"replies":[{"embeddable":true,"href":"https:\/\/eimediacion.edu.es\/cat\/wp-json\/wp\/v2\/comments?post=24669"}],"version-history":[{"count":0,"href":"https:\/\/eimediacion.edu.es\/cat\/wp-json\/wp\/v2\/posts\/24669\/revisions"}],"wp:featuredmedia":[{"embeddable":true,"href":"https:\/\/eimediacion.edu.es\/cat\/wp-json\/wp\/v2\/media\/24684"}],"wp:attachment":[{"href":"https:\/\/eimediacion.edu.es\/cat\/wp-json\/wp\/v2\/media?parent=24669"}],"wp:term":[{"taxonomy":"category","embeddable":true,"href":"https:\/\/eimediacion.edu.es\/cat\/wp-json\/wp\/v2\/categories?post=24669"},{"taxonomy":"post_tag","embeddable":true,"href":"https:\/\/eimediacion.edu.es\/cat\/wp-json\/wp\/v2\/tags?post=24669"}],"curies":[{"name":"wp","href":"https:\/\/api.w.org\/{rel}","templated":true}]}}